{"id":9286,"date":"2018-06-18T17:26:48","date_gmt":"2018-06-18T17:26:48","guid":{"rendered":"http:\/\/archiv.szolnoktv.hu\/?p=9286"},"modified":"2021-08-14T14:27:44","modified_gmt":"2021-08-14T14:27:44","slug":"tiszaliget-elmenysziget","status":"publish","type":"post","link":"http:\/\/archiv.szolnoktv.hu\/?p=9286","title":{"rendered":"Tiszaliget &#8211; \u00c9lm\u00e9nysziget"},"content":{"rendered":"<div class='booster-block booster-read-block'><\/div><p>A t\u00e1boroz\u00f3k k\u00f6z\u00f6s bemutatkoz\u00e1s\u00e1val nyitotta meg kapuit a szolnoki ny\u00e1r egyik legnagyobb bulija, a Tiszaliget  &#8211;   \u00c9lm\u00e9nysziget gyermekt\u00e1bor. A mintegy 100 gyermek els\u0151sorban szolnoki, de t\u00f6bben j\u00f6ttek a v\u00e1ros k\u00f6rny\u00e9k\u00e9r\u0151l is.  <\/p>\n<p>-Programot nem tudok sokat, csak azt, hogy lesz \u00fasz\u00e1s, elmegy\u00fcnk strandra, lesz majd \u00e1llatsimogat\u00f3, de az nem biztos.&#8221;  &#8211;   mondta G\u00e1l Panna<\/p>\n<p>Az egy hetes turnusokban t\u00f6bbf\u00e9le kikapcsol\u00f3d\u00e1si lehet\u0151s\u00e9gb\u0151l v\u00e1laszthatnak a t\u00e1boroz\u00f3k: szabadt\u00e9ren a t\u00f6bbi k\u00f6z\u00f6tt lesz labd\u00e1z\u00e1s, fog\u00f3cska, sz\u00e1mh\u00e1bor\u00fa, strand, a h\u00e1zakban pedig k\u00f6z\u00f6s mes\u00e9l\u00e9s, rajzol\u00e1s \u00e9s m\u00e1s izgalmas programok is. <\/p>\n<p>Hegyin\u00e9 Kov\u00e1cs \u00c9va, projekt manager kiemelte &#8211; -Vannak un. tematikus t\u00e1boraink, amikor a kisgyermekek eg\u00e9sz h\u00e9ten egy t\u00e9macsoport, vagy egy tev\u00e9kenys\u00e9g k\u00f6r\u00e9 szervezik a programokat: ilyen p\u00e9ld\u00e1ul a n\u00e9pt\u00e1nc t\u00e1bor, az \u00e9letm\u00f3d t\u00e1bor, k\u00fcl\u00f6nb\u00f6z\u0151 sport\u00e1gak t\u00e1borai  &#8211;   karat\u00e9sok, baseball-osok j\u00f6nnek az id\u00e9n hozz\u00e1nk, illetve van un. \u00e9lm\u00e9nyprogramos t\u00e1bor, amikor egy sz\u00ednes k\u00edn\u00e1latb\u00f3l k\u00fcl\u00f6nb\u00f6z\u0151 foglalkoz\u00e1sokon vehetnek r\u00e9szt a gyerekek.&#8221; <\/p>\n<p>A Tiszaliget  &#8211;   \u00c9lm\u00e9nysziget t\u00e1bor az Emberi Er\u0151forr\u00e1s Fejleszt\u00e9si Program 525 milli\u00f3 forintos t\u00e1mogat\u00e1s\u00e1b\u00f3l val\u00f3sul meg.  A k\u00f6vetkez\u0151 4 \u00e9vben \u00f6sszesen mintegy 4200 gyermeknek lesz majd lehet\u0151s\u00e9ge, hogy egy h\u00e9tig a Tiszaligetben pihenhessen. Az idei ny\u00e1ron k\u00f6zel 1000 t\u00e1boroz\u00f3t v\u00e1rnak, akikre 20 pedag\u00f3gus, illetve k\u00f6z\u00e9p- \u00e9s f\u0151iskol\u00e1sok is vigy\u00e1znak majd.<\/p>\n<p>-Szolnok \u00e9s Szolnok-t\u00e9rs\u00e9g\u00e9nek gyerekei kapj\u00e1k meg ezt a lehet\u0151s\u00e9get \u00e9s h\u00e1t nyilv\u00e1n nagyon fontos, hogy ny\u00e1ron, amikor a sz\u00fcl\u0151k egy jelent\u0151s r\u00e9sze m\u00e9g dolgozik, legal\u00e1bb abban a h\u00e9tben nincsen gondja eg\u00e9sz nap a gyerekre, egy\u00e9bk\u00e9nt ez egy t\u00f6bb \u00e9vtizedes program Szolnokon, teh\u00e1t nem vadonat\u00faj.&#8221;  &#8211;   mondta Szalay Ferenc, polg\u00e1rmester<\/p>\n<p>A t\u00e1borok ingyenesek, a sz\u00fcl\u0151knek egyed\u00fcl az \u00e9tkez\u00e9s\u00e9rt, illetve a k\u00fcls\u0151, v\u00e1laszthat\u00f3 programok\u00e9rt kell fizetni\u00fck. A p\u00e1ly\u00e1zat keret\u00e9ben 150 milli\u00f3 forintb\u00f3l az idei szezonra 6 db fa- \u00e9s ugyanennyi k\u0151h\u00e1zat is fel\u00faj\u00edtottak, a t\u00f6bbi k\u00f6z\u00f6tt \u00faj b\u00fatorok, melegkonyha kapott helyet az \u00e9p\u00fcletekben, amelyeknek k\u00fcls\u0151 \u00e9s bels\u0151 szigetel\u00e9se is meg\u00fajult. <\/p>\n<div style=\"width: 640px;\" class=\"wp-video\"><!--[if lt IE 9]><script>document.createElement('video');<\/script><![endif]-->\n<video class=\"wp-video-shortcode\" id=\"video-9286-1\" width=\"640\" height=\"360\" preload=\"metadata\" controls=\"controls\"><source type=\"video\/mp4\" src=\"\/spots\/hir\/hir_180618_05.mp4?_=1\" \/><a href=\"\/spots\/hir\/hir_180618_05.mp4\">\/spots\/hir\/hir_180618_05.mp4<\/a><\/video><\/div>\n","protected":false},"excerpt":{"rendered":"<p>A t\u00e1boroz\u00f3k k\u00f6z\u00f6s bemutatkoz\u00e1s\u00e1val nyitotta meg kapuit a szolnoki ny\u00e1r egyik legnagyobb bulija, a Tiszaliget &#8211; \u00c9lm\u00e9nysziget gyermekt\u00e1bor. A mintegy 100 gyermek els\u0151sorban szolnoki, de t\u00f6bben j\u00f6ttek a v\u00e1ros k\u00f6rny\u00e9k\u00e9r\u0151l is. -Programot nem tudok sokat, csak azt, hogy lesz \u00fasz\u00e1s, elmegy\u00fcnk strandra, lesz majd \u00e1llatsimogat\u00f3, de az nem biztos.&#8221; &#8211; mondta G\u00e1l Panna Az egy [&hellip;]<\/p>\n","protected":false},"author":2,"featured_media":0,"comment_status":"closed","ping_status":"closed","sticky":false,"template":"","format":"standard","meta":[],"categories":[9],"tags":[],"_links":{"self":[{"href":"http:\/\/archiv.szolnoktv.hu\/index.php?rest_route=\/wp\/v2\/posts\/9286"}],"collection":[{"href":"http:\/\/archiv.szolnoktv.hu\/index.php?rest_route=\/wp\/v2\/posts"}],"about":[{"href":"http:\/\/archiv.szolnoktv.hu\/index.php?rest_route=\/wp\/v2\/types\/post"}],"author":[{"embeddable":true,"href":"http:\/\/archiv.szolnoktv.hu\/index.php?rest_route=\/wp\/v2\/users\/2"}],"replies":[{"embeddable":true,"href":"http:\/\/archiv.szolnoktv.hu\/index.php?rest_route=%2Fwp%2Fv2%2Fcomments&post=9286"}],"version-history":[{"count":1,"href":"http:\/\/archiv.szolnoktv.hu\/index.php?rest_route=\/wp\/v2\/posts\/9286\/revisions"}],"predecessor-version":[{"id":9289,"href":"http:\/\/archiv.szolnoktv.hu\/index.php?rest_route=\/wp\/v2\/posts\/9286\/revisions\/9289"}],"wp:attachment":[{"href":"http:\/\/archiv.szolnoktv.hu\/index.php?rest_route=%2Fwp%2Fv2%2Fmedia&parent=9286"}],"wp:term":[{"taxonomy":"category","embeddable":true,"href":"http:\/\/archiv.szolnoktv.hu\/index.php?rest_route=%2Fwp%2Fv2%2Fcategories&post=9286"},{"taxonomy":"post_tag","embeddable":true,"href":"http:\/\/archiv.szolnoktv.hu\/index.php?rest_route=%2Fwp%2Fv2%2Ftags&post=9286"}],"curies":[{"name":"wp","href":"https:\/\/api.w.org\/{rel}","templated":true}]}}