{"id":9285,"date":"2018-06-18T15:42:06","date_gmt":"2018-06-18T15:42:06","guid":{"rendered":"http:\/\/archiv.szolnoktv.hu\/?p=9285"},"modified":"2021-08-14T14:27:45","modified_gmt":"2021-08-14T14:27:45","slug":"startra-kesz-a-tiszavirag-fesztival","status":"publish","type":"post","link":"http:\/\/archiv.szolnoktv.hu\/?p=9285","title":{"rendered":"Startra k\u00e9sz a Tiszavir\u00e1g Fesztiv\u00e1l"},"content":{"rendered":"<div class='booster-block booster-read-block'><\/div><p>A Tiszai haj\u00f3sok tere.. egy nappal \u00e1tkeresztel\u00e9se el\u0151tt. A Mal\u00e1ta t\u00e9r- ahogy 5 napon \u00e1t nevezik majd- m\u00e1ra megtelt pavilonokkal, mozg\u00f3 \u00e1rusokkal s term\u00e9szetesen a t\u00e9r lelke- a sz\u00ednpad is \u00e1ll. Tudtuk meg Kov\u00e1cs \u00c1kos \u00f6tletgazda- szervez\u0151t\u0151l.<\/p>\n<p> &#8220;Id\u0151ar\u00e1nyosan j\u00f3l \u00e1llunk, az id\u0151j\u00e1r\u00e1s is kedvez\u0151volt, hiszen nem t\u0171z\u00f6tt a nap \u00e9s kellemesen h\u0171v\u00f6s volt ahhoz, hogy j\u00f3l pakoljunk \u00fagyhogy rendeben vagyunk \u00e9s nagyon- nagy izgalommal v\u00e1rjuk a holnapi kezd\u00e9st.&#8221;<\/p>\n<p>A 13. Szolnoki Tiszavir\u00e1g fesztiv\u00e1l a v\u00e1ros kiemelt rendezv\u00e9nye, melyre id\u00e9n is sz\u00e1mos k\u00fclf\u00f6ldi \u00e9s hazai el\u0151ad\u00f3t v\u00e1rnak. M\u00e1r a nyit\u00f3napon sok kikapcsol\u00f3dni v\u00e1gy\u00f3ra sz\u00e1m\u00edtanak. <\/p>\n<p>&#8220;Az els\u0151 nap az ut\u00f3bbi 2- 3 \u00e9vben szinte a leger\u0151sebb nap. Val\u00f3sz\u00edn\u0171leg nagyon sokan v\u00e1rj\u00e1k a fesztiv\u00e1lt. \u00c9n \u00faton-\u00fatf\u00e9len ebbe futok bele, hogy m\u00e1r alig v\u00e1rj\u00e1k, m\u00e1r a szabads\u00e1gukat kivett\u00e9k \u00e9s ez meg is l\u00e1tszik az els\u0151 napon mert egy h\u00e9tv\u00e9gi napot tud l\u00e1togat\u00f3i l\u00e9tsz\u00e1mban a rendezv\u00e9ny.&#8221;<\/p>\n<p>A Mal\u00e1ta t\u00e9rr\u0151l a vend\u00e9gek a k\u00e9zm\u0171vesek utc\u00e1j\u00e1n s\u00e9t\u00e1lhatnak v\u00e9gig. Majd megpihenhetnek a Verseghy gimn\u00e1zium el\u0151tti borh\u00e1zak el\u0151tt. A Tisza parkban h\u00e1rom sz\u00ednpadon sz\u00f3l a zene, m\u00edg a b\u00e9k\u00e1s sz\u00f6k\u0151k\u00fatn\u00e1l a kertmozi \u00fczemel majd. De lesz zenekanap\u00e9 \u00e9s a reform\u00e1tus templom term\u00e9t is megnyitj\u00e1k. A fesztiv\u00e1l keret\u00e9ben h\u00e1rom el\u0151ad\u00e1s is lesz a Damjanich J\u00e1nos M\u00fazeum udvar\u00e1n- ezekre viszont m\u00e1r minden jegy elfogyott. r\u00e9szletek a www.tiszaviragfesztival.hu honlapon.<\/p>\n<div style=\"width: 640px;\" class=\"wp-video\"><!--[if lt IE 9]><script>document.createElement('video');<\/script><![endif]-->\n<video class=\"wp-video-shortcode\" id=\"video-9285-1\" width=\"640\" height=\"360\" preload=\"metadata\" controls=\"controls\"><source type=\"video\/mp4\" src=\"\/spots\/hir\/hir_180618_04.mp4?_=1\" \/><a href=\"\/spots\/hir\/hir_180618_04.mp4\">\/spots\/hir\/hir_180618_04.mp4<\/a><\/video><\/div>\n","protected":false},"excerpt":{"rendered":"<p>A Tiszai haj\u00f3sok tere.. egy nappal \u00e1tkeresztel\u00e9se el\u0151tt. A Mal\u00e1ta t\u00e9r- ahogy 5 napon \u00e1t nevezik majd- m\u00e1ra megtelt pavilonokkal, mozg\u00f3 \u00e1rusokkal s term\u00e9szetesen a t\u00e9r lelke- a sz\u00ednpad is \u00e1ll. Tudtuk meg Kov\u00e1cs \u00c1kos \u00f6tletgazda- szervez\u0151t\u0151l. &#8220;Id\u0151ar\u00e1nyosan j\u00f3l \u00e1llunk, az id\u0151j\u00e1r\u00e1s is kedvez\u0151volt, hiszen nem t\u0171z\u00f6tt a nap \u00e9s kellemesen h\u0171v\u00f6s volt ahhoz, hogy [&hellip;]<\/p>\n","protected":false},"author":2,"featured_media":0,"comment_status":"closed","ping_status":"closed","sticky":false,"template":"","format":"standard","meta":[],"categories":[9],"tags":[],"_links":{"self":[{"href":"http:\/\/archiv.szolnoktv.hu\/index.php?rest_route=\/wp\/v2\/posts\/9285"}],"collection":[{"href":"http:\/\/archiv.szolnoktv.hu\/index.php?rest_route=\/wp\/v2\/posts"}],"about":[{"href":"http:\/\/archiv.szolnoktv.hu\/index.php?rest_route=\/wp\/v2\/types\/post"}],"author":[{"embeddable":true,"href":"http:\/\/archiv.szolnoktv.hu\/index.php?rest_route=\/wp\/v2\/users\/2"}],"replies":[{"embeddable":true,"href":"http:\/\/archiv.szolnoktv.hu\/index.php?rest_route=%2Fwp%2Fv2%2Fcomments&post=9285"}],"version-history":[{"count":1,"href":"http:\/\/archiv.szolnoktv.hu\/index.php?rest_route=\/wp\/v2\/posts\/9285\/revisions"}],"predecessor-version":[{"id":9290,"href":"http:\/\/archiv.szolnoktv.hu\/index.php?rest_route=\/wp\/v2\/posts\/9285\/revisions\/9290"}],"wp:attachment":[{"href":"http:\/\/archiv.szolnoktv.hu\/index.php?rest_route=%2Fwp%2Fv2%2Fmedia&parent=9285"}],"wp:term":[{"taxonomy":"category","embeddable":true,"href":"http:\/\/archiv.szolnoktv.hu\/index.php?rest_route=%2Fwp%2Fv2%2Fcategories&post=9285"},{"taxonomy":"post_tag","embeddable":true,"href":"http:\/\/archiv.szolnoktv.hu\/index.php?rest_route=%2Fwp%2Fv2%2Ftags&post=9285"}],"curies":[{"name":"wp","href":"https:\/\/api.w.org\/{rel}","templated":true}]}}