{"id":9284,"date":"2018-06-18T15:34:29","date_gmt":"2018-06-18T15:34:29","guid":{"rendered":"http:\/\/archiv.szolnoktv.hu\/?p=9284"},"modified":"2021-08-14T14:27:45","modified_gmt":"2021-08-14T14:27:45","slug":"muzeumok-ejszakaja-szolnokon-is","status":"publish","type":"post","link":"http:\/\/archiv.szolnoktv.hu\/?p=9284","title":{"rendered":"M\u00fazeumok \u00e9jszak\u00e1ja Szolnokon is"},"content":{"rendered":"<div class='booster-block booster-read-block'><\/div><p>K\u00e9s\u0151 este is megn\u00e9zhetj\u00fck m\u00faltunk eml\u00e9keit \u00e9s bejuthatunk olyan helyekre, ahov\u00e1 egy\u00e9bk\u00e9nt nem  &#8211;   t\u00f6bbek k\u00f6z\u00f6tt ez\u00e9rt is izgalmas a M\u00fazeumok \u00c9jszak\u00e1ja. Ez m\u00e1r a 13. alkalom \u00e9s orsz\u00e1gosan t\u00f6bb ezer rendezv\u00e9ny v\u00e1rja az \u00e9rdekl\u0151d\u0151ket.<\/p>\n<p>-A mi programjaink m\u00e9g ebben a k\u00edn\u00e1latban is ki tudnak emelkedni. P\u00e9ld\u00e1ul a sz\u00ednh\u00e1z programja \u00fajdons\u00e1g, el\u0151sz\u00f6r szerepelnek a programban. Az \u00e9rdekl\u0151d\u0151knek lehet\u0151s\u00e9g\u00fck van ben\u00e9zni a kulissz\u00e1k m\u00f6g\u00e9. Sorkatonai m\u00fazeum kuri\u00f3zum vagy a kis zsinag\u00f3ga, szerintem 10-b\u0151l 8 ember nem tudja, hogy itt van \u00e9s most erre is lesz alkalom.&#8221;  &#8211;   mondta Tapaszt\u00f3 Ildik\u00f3 oszt\u00e1lyvezet\u0151, oktat\u00e1si, kultur\u00e1lis \u00e9s sport oszt\u00e1ly.<\/p>\n<p>23 helysz\u00ednnel v\u00e1rj\u00e1k az \u00e9rdekl\u0151d\u0151ket Szolnokon, a legt\u00f6bb program ingyenes, de lesz, ahol bizonyos elemek haszn\u00e1lat\u00e1\u00e9rt fizetni kell vagy el\u0151zetes regisztr\u00e1ci\u00f3hoz k\u00f6t\u00f6tt a r\u00e9szv\u00e9tel. A k\u00f6zleked\u00e9s is megoldott. A M\u00c1V aznap 50%-os kedvezm\u00e9nyt biztos\u00edt a jegyek \u00e1r\u00e1b\u00f3l, helyben pedig ingyen lehet haszn\u00e1lni a -M\u00fazeumok \u00c9jszak\u00e1ja j\u00e1ratot&#8221;, amely az int\u00e9zm\u00e9nyek k\u00f6z\u00f6tt j\u00e1r majd \u00f3r\u00e1nk\u00e9nt, k\u00e9s\u0151 este pedig k\u00e9t \u00f3r\u00e1nk\u00e9nt. A programban k\u00fcl\u00f6n figyelmet ford\u00edtanak a csal\u00e1dokra, hiszen 2018 a csal\u00e1dok \u00e9ve. Szalay Ferenc polg\u00e1rmester elmondta: az, hogy a szolnoki program orsz\u00e1gosan is kiemelked\u0151 az \u00f6sszefog\u00e1snak k\u00f6sz\u00f6nhet\u0151.<\/p>\n<p>-Mindenki, aki r\u00e9szt vesz benne m\u00e1r \u00e9vek \u00f3ta bizony\u00edtja azt, hogy szerves r\u00e9szek\u00e9nt a v\u00e1rosnak meg akarja mag\u00e1t mutatni. Nem \u00f6nc\u00e9l\u00faan, hanem az\u00e9rt, hogy ez a v\u00e1ros \u00e9rezze azt, hogy a szolnokis\u00e1g, a szolnoki identit\u00e1s egy nagyon fontos dolog. Minden programunk arr\u00f3l sz\u00f3l, hogy a szolnoki emberben tudatos\u00edtsuk, hogy egy olyan v\u00e1rosban \u00e9l, amelynek van m\u00faltja, t\u00f6rt\u00e9nelme, hagyom\u00e1nyai \u00e9s erre b\u00fcszk\u00e9n \u00e9s b\u00e1tran lehet \u00e9p\u00edtkezni.&#8221;  &#8211;   mondta Szalay Ferenc polg\u00e1rmester.<\/p>\n<p>A szervez\u0151k j\u00e1t\u00e9kkal is k\u00e9sz\u00fclnek, hiszen mindenki kap egy menetlevelet, amelyet 4 helysz\u00ednen kell lepecs\u00e9teltetni. A legszerencs\u00e9sebbek pedig \u00e9rt\u00e9kes aj\u00e1nd\u00e9kokat kapnak majd.<\/p>\n<div style=\"width: 640px;\" class=\"wp-video\"><!--[if lt IE 9]><script>document.createElement('video');<\/script><![endif]-->\n<video class=\"wp-video-shortcode\" id=\"video-9284-1\" width=\"640\" height=\"360\" preload=\"metadata\" controls=\"controls\"><source type=\"video\/mp4\" src=\"\/spots\/hir\/hir_180618_03.mp4?_=1\" \/><a href=\"\/spots\/hir\/hir_180618_03.mp4\">\/spots\/hir\/hir_180618_03.mp4<\/a><\/video><\/div>\n","protected":false},"excerpt":{"rendered":"<p>K\u00e9s\u0151 este is megn\u00e9zhetj\u00fck m\u00faltunk eml\u00e9keit \u00e9s bejuthatunk olyan helyekre, ahov\u00e1 egy\u00e9bk\u00e9nt nem &#8211; t\u00f6bbek k\u00f6z\u00f6tt ez\u00e9rt is izgalmas a M\u00fazeumok \u00c9jszak\u00e1ja. Ez m\u00e1r a 13. alkalom \u00e9s orsz\u00e1gosan t\u00f6bb ezer rendezv\u00e9ny v\u00e1rja az \u00e9rdekl\u0151d\u0151ket. -A mi programjaink m\u00e9g ebben a k\u00edn\u00e1latban is ki tudnak emelkedni. P\u00e9ld\u00e1ul a sz\u00ednh\u00e1z programja \u00fajdons\u00e1g, el\u0151sz\u00f6r szerepelnek a programban. [&hellip;]<\/p>\n","protected":false},"author":2,"featured_media":0,"comment_status":"closed","ping_status":"closed","sticky":false,"template":"","format":"standard","meta":[],"categories":[9],"tags":[],"_links":{"self":[{"href":"http:\/\/archiv.szolnoktv.hu\/index.php?rest_route=\/wp\/v2\/posts\/9284"}],"collection":[{"href":"http:\/\/archiv.szolnoktv.hu\/index.php?rest_route=\/wp\/v2\/posts"}],"about":[{"href":"http:\/\/archiv.szolnoktv.hu\/index.php?rest_route=\/wp\/v2\/types\/post"}],"author":[{"embeddable":true,"href":"http:\/\/archiv.szolnoktv.hu\/index.php?rest_route=\/wp\/v2\/users\/2"}],"replies":[{"embeddable":true,"href":"http:\/\/archiv.szolnoktv.hu\/index.php?rest_route=%2Fwp%2Fv2%2Fcomments&post=9284"}],"version-history":[{"count":1,"href":"http:\/\/archiv.szolnoktv.hu\/index.php?rest_route=\/wp\/v2\/posts\/9284\/revisions"}],"predecessor-version":[{"id":9291,"href":"http:\/\/archiv.szolnoktv.hu\/index.php?rest_route=\/wp\/v2\/posts\/9284\/revisions\/9291"}],"wp:attachment":[{"href":"http:\/\/archiv.szolnoktv.hu\/index.php?rest_route=%2Fwp%2Fv2%2Fmedia&parent=9284"}],"wp:term":[{"taxonomy":"category","embeddable":true,"href":"http:\/\/archiv.szolnoktv.hu\/index.php?rest_route=%2Fwp%2Fv2%2Fcategories&post=9284"},{"taxonomy":"post_tag","embeddable":true,"href":"http:\/\/archiv.szolnoktv.hu\/index.php?rest_route=%2Fwp%2Fv2%2Ftags&post=9284"}],"curies":[{"name":"wp","href":"https:\/\/api.w.org\/{rel}","templated":true}]}}