{"id":9283,"date":"2018-06-18T15:15:23","date_gmt":"2018-06-18T15:15:23","guid":{"rendered":"http:\/\/archiv.szolnoktv.hu\/?p=9283"},"modified":"2021-08-14T14:27:45","modified_gmt":"2021-08-14T14:27:45","slug":"masterclass-nyitokoncert","status":"publish","type":"post","link":"http:\/\/archiv.szolnoktv.hu\/?p=9283","title":{"rendered":"Masterclass nyit\u00f3koncert"},"content":{"rendered":"<div class='booster-block booster-read-block'><\/div><p>Ism\u00e9t nemzetk\u00f6zi brav\u00farra k\u00e9sz\u00fclnek a Szolnoki Szimfonikusok. A zenekart m\u0171k\u00f6dtet\u0151 t\u00e1rsas\u00e1g. j\u00fanius 20-25. k\u00f6z\u00f6tt Nemzetk\u00f6zi Karmester Mesterkurzust szervez Martf\u0171n. A mesterkurzus egy olyan nemzetk\u00f6zi sz\u00ednvonal\u00fa kultur\u00e1lis projekt, ahol a r\u00e9sztvev\u0151k akad\u00e9miai szint\u0171 k\u00e9pz\u00e9st kapnak.<\/p>\n<p> -A reperto\u00e1r nehezebb lett, nagyobb csapda \u00e9s probl\u00e9ma mennyis\u00e9ggel fognak k\u00fczdeni a fiatalok. Ezen fel\u00fcl viszont m\u00e1sok a jelentkez\u0151k, m\u00e1s orsz\u00e1gokb\u00f3l j\u00f6nnek. Ett\u0151l gazdagabb lesz a kurzus. Az elej\u00e9n itt van a reutlingen-i zenekarral a nyit\u00f3.&#8221;  &#8211;   mondta Alpaslan Ert\u00fcngealp karmester.<\/p>\n<p>A Masterclass nyit\u00f3koncertj\u00e9re megtelt az Aba-Nov\u00e1k Ag\u00f3ra Kultur\u00e1lis K\u00f6zpont sz\u00ednh\u00e1zterme. A szolnoki hangverseny\u00e9vad nem \u00e9rt v\u00e9get hangs\u00falyozt\u00e1k a szervez\u0151k a m\u00falt h\u00e9ten  &#8211;   a reutlingeni filharmonikusokkal k\u00f6z\u00f6sen koncerteztek a Tisza-partiak.<\/p>\n<p> -Az\u00e9rt vagyunk itt mert van egy remek kapcsolatunk a Szolnoki Szimfonikusokkal. 70 tagunk van, t\u00f6bb, mint 100 koncert van m\u00f6g\u00f6tt\u00fcnk szerte Eur\u00f3p\u00e1ban. \u00d6r\u00fcl\u00f6k, hogy most itt vagyunk \u00e9s azt gondolom, hogy a k\u00e9t zenekar k\u00f6z\u00f6tt ez a kapcsolat a j\u00f6v\u0151ben tov\u00e1bb b\u0151v\u00fcl majd, hiszen mint mondtam remek a viszony \u00e9s az egy\u00fcttm\u0171k\u00f6d\u00e9s k\u00f6z\u00f6tt\u00fcnk.&#8221;  &#8211;   mondta Robert Hahn Reutlingen polg\u00e1rmester.<\/p>\n<p>A program egy -a Benelux \u00e1llamok \u00e1ltal elind\u00edtott p\u00e1ly\u00e1zat- els\u0151 \u00e1llom\u00e1sa. Ez megnyitja Eur\u00f3pa kapuit a Szolnoki Szimfonikusok el\u0151tt is.<\/p>\n<p>-A k\u00e9t v\u00e1ros k\u00f6z\u00f6tt megvolt a kapcsolat, viszont a zene ter\u00fclet\u00e9n nem. Igazgat\u00f3juk r\u00e9gi bar\u00e1tom \u00e9s mikor feldobtam neki az \u00f6tletet, azonnal r\u00e1csapott. Elindult egy folyamat nem csak k\u00f6zt\u00fcnk, hanem v\u00e1rosvezet\u0151k szintj\u00e9n is.&#8221;  &#8211;   mondta Alpaslan Ert\u00fcngealp karmester.<\/p>\n<p>A Masterclass b\u00e1zis\u00e1t a Szolnoki Szimfonikus Zenekar alkotja. Az \u00f6tnapos kurzus, \u00e9s az azt k\u00f6vet\u0151 koncert kiemelked\u0151 lehet\u0151s\u00e9g az ide utaz\u00f3 hazai \u00e9s k\u00fclf\u00f6ldi fiataloknak, akik karmesteri tanulm\u00e1nyokat folytatnak vagy \u00e9ppen p\u00e1ly\u00e1juk elej\u00e9n tartanak. A mesterkurzust z\u00e1r\u00f3 g\u00e1lakoncert j\u00fanius 25-\u00e9n 19 \u00f3rakor lesz a budapesti MOM Kultur\u00e1lis K\u00f6zpontban lesz.<\/p>\n<div style=\"width: 640px;\" class=\"wp-video\"><!--[if lt IE 9]><script>document.createElement('video');<\/script><![endif]-->\n<video class=\"wp-video-shortcode\" id=\"video-9283-1\" width=\"640\" height=\"360\" preload=\"metadata\" controls=\"controls\"><source type=\"video\/mp4\" src=\"\/spots\/hir\/hir_180618_02.mp4?_=1\" \/><a href=\"\/spots\/hir\/hir_180618_02.mp4\">\/spots\/hir\/hir_180618_02.mp4<\/a><\/video><\/div>\n","protected":false},"excerpt":{"rendered":"<p>Ism\u00e9t nemzetk\u00f6zi brav\u00farra k\u00e9sz\u00fclnek a Szolnoki Szimfonikusok. A zenekart m\u0171k\u00f6dtet\u0151 t\u00e1rsas\u00e1g. j\u00fanius 20-25. k\u00f6z\u00f6tt Nemzetk\u00f6zi Karmester Mesterkurzust szervez Martf\u0171n. A mesterkurzus egy olyan nemzetk\u00f6zi sz\u00ednvonal\u00fa kultur\u00e1lis projekt, ahol a r\u00e9sztvev\u0151k akad\u00e9miai szint\u0171 k\u00e9pz\u00e9st kapnak. -A reperto\u00e1r nehezebb lett, nagyobb csapda \u00e9s probl\u00e9ma mennyis\u00e9ggel fognak k\u00fczdeni a fiatalok. Ezen fel\u00fcl viszont m\u00e1sok a jelentkez\u0151k, m\u00e1s orsz\u00e1gokb\u00f3l [&hellip;]<\/p>\n","protected":false},"author":2,"featured_media":0,"comment_status":"closed","ping_status":"closed","sticky":false,"template":"","format":"standard","meta":[],"categories":[9],"tags":[],"_links":{"self":[{"href":"http:\/\/archiv.szolnoktv.hu\/index.php?rest_route=\/wp\/v2\/posts\/9283"}],"collection":[{"href":"http:\/\/archiv.szolnoktv.hu\/index.php?rest_route=\/wp\/v2\/posts"}],"about":[{"href":"http:\/\/archiv.szolnoktv.hu\/index.php?rest_route=\/wp\/v2\/types\/post"}],"author":[{"embeddable":true,"href":"http:\/\/archiv.szolnoktv.hu\/index.php?rest_route=\/wp\/v2\/users\/2"}],"replies":[{"embeddable":true,"href":"http:\/\/archiv.szolnoktv.hu\/index.php?rest_route=%2Fwp%2Fv2%2Fcomments&post=9283"}],"version-history":[{"count":1,"href":"http:\/\/archiv.szolnoktv.hu\/index.php?rest_route=\/wp\/v2\/posts\/9283\/revisions"}],"predecessor-version":[{"id":9292,"href":"http:\/\/archiv.szolnoktv.hu\/index.php?rest_route=\/wp\/v2\/posts\/9283\/revisions\/9292"}],"wp:attachment":[{"href":"http:\/\/archiv.szolnoktv.hu\/index.php?rest_route=%2Fwp%2Fv2%2Fmedia&parent=9283"}],"wp:term":[{"taxonomy":"category","embeddable":true,"href":"http:\/\/archiv.szolnoktv.hu\/index.php?rest_route=%2Fwp%2Fv2%2Fcategories&post=9283"},{"taxonomy":"post_tag","embeddable":true,"href":"http:\/\/archiv.szolnoktv.hu\/index.php?rest_route=%2Fwp%2Fv2%2Ftags&post=9283"}],"curies":[{"name":"wp","href":"https:\/\/api.w.org\/{rel}","templated":true}]}}