{"id":9282,"date":"2018-06-18T15:12:58","date_gmt":"2018-06-18T15:12:58","guid":{"rendered":"http:\/\/archiv.szolnoktv.hu\/?p=9282"},"modified":"2021-08-14T14:27:45","modified_gmt":"2021-08-14T14:27:45","slug":"dronfoglalo","status":"publish","type":"post","link":"http:\/\/archiv.szolnoktv.hu\/?p=9282","title":{"rendered":"Dr\u00f3nfoglal\u00f3"},"content":{"rendered":"<div class='booster-block booster-read-block'><\/div><p>Tal\u00e1n a rep\u00fcl\u0151m\u00fazeum munkat\u00e1rsai sem gondolt\u00e1k, hogy valaha l\u00e9gi j\u00e1rm\u0171 emelkedik az int\u00e9zm\u00e9ny el\u0151l a magasba. Pedig a h\u00e9tv\u00e9g\u00e9n ez t\u00f6rt\u00e9nt. A Nemzeti K\u00f6zszolg\u00e1lati Egyetem Hadtudom\u00e1nyi \u00e9s Honv\u00e9dtisztk\u00e9pz\u0151 Kar Katonai Rep\u00fcl\u0151 Int\u00e9zete egy uni\u00f3s p\u00e1ly\u00e1zatnak k\u00f6sz\u00f6nhet\u0151en hirdette meg k\u00f6z\u00e9piskol\u00e1soknak sz\u00f3l\u00f3 verseny\u00e9t.<\/p>\n<p>&#8220;Mint kutat\u00e1st, fejleszt\u00e9st \u00e9s oktat\u00e1st folytat\u00f3 fels\u0151oktat\u00e1si int\u00e9zm\u00e9ny \u00fagy gondoltuk, hogy ennek a tud\u00e1snak amely az int\u00e9zet\u00fcnkben megvan a pil\u00f3ta n\u00e9lk\u00fcli l\u00e9gi j\u00e1rm\u0171vekkel kapcsolatos ismeretk\u00f6r, ismeretanyag melyet m\u00e1r hossz\u00fa ideje oktatunk civil \u00e9s katonai szem\u00e9lyek sz\u00e1m\u00e1ra is c\u00e9lszer\u0171 lenne \u00e1tadni fiataloknak, k\u00f6z\u00e9piskol\u00e1soknak.&#8221;- mondta Dr. Palik M\u00e1ty\u00e1s a  Nemzeti K\u00f6zszolg\u00e1lati Egyetem Katonai Rep\u00fcl\u0151 Int\u00e9zet\u00e9nek igazgat\u00f3ja.<\/p>\n<p>Egyre t\u00f6bben haszn\u00e1lnak hobbi c\u00e9lra dr\u00f3nt. Az apr\u00f3 rep\u00fcl\u0151 szerkezetek azonban nem j\u00e1t\u00e9kszerek. Reptet\u00e9s\u00fck szab\u00e1lyozott, ir\u00e1ny\u00edt\u00e1suk bonyolult. Szerencs\u00e9re akadnak olyanok akik a haszn\u00e1lati utas\u00edt\u00e1son t\u00fal sz\u00edvesen \u00e1ss\u00e1k bele magukat a dr\u00f3nok vil\u00e1g\u00e1nak m\u00e9lyebb r\u00e9tegeibe is. K\u00e1tai M\u00e1t\u00e9 a szolnoki Sz\u00e9chenyi Istv\u00e1n Gimn\u00e1zium csapat\u00e1nak tagja.<\/p>\n<p>&#8220;\u00c9rdekel minket b\u00e1rmif\u00e9le \u00fajdons\u00e1g amiben kipr\u00f3b\u00e1lhatjuk magunkat \u00e9s ez a verseny erre egy t\u00f6k\u00e9letes lehet\u0151s\u00e9g, \u00fagyhogy \u00fagy gondoltuk, hogy mi is megm\u00e9rettetj\u00fck magunkat \u00e9s \u00faj \u00e9lm\u00e9nyekben vesz\u00fcnk r\u00e9szt.&#8221;<\/p>\n<p>A szolnoki megm\u00e9rettet\u00e9sre a helyi di\u00e1kok mellet J\u00e1szkis\u00e9rr\u0151l, Mez\u0151t\u00farr\u00f3l, Szegedr\u0151l \u00e9s Debrecenb\u0151l is \u00e9rkeztek csapatok. Vev\u0151k Bence a debreceni  Kratochvill K\u00e1roly Honv\u00e9d K\u00f6z\u00e9piskola \u00e9s Koll\u00e9gium di\u00e1kja:<\/p>\n<p>&#8220;Mindenkinek nagy v\u00e1gya volt, hogy eljussunk ide, ugyanis a dr\u00f3nokb\u00f3l ad\u00f3d\u00f3an mindenki \u00e9rdekelt a rep\u00fcl\u00e9stechnik\u00e1ban is \u00fagyhogy most \u00f6r\u00fcl\u00fcnk, hogy itt vagyunk \u00e9s m\u00e1r a verseny el\u0151tt v\u00e9gign\u00e9zt\u00fck az eg\u00e9sz ter\u00fcletet \u00e9s el vagyunk k\u00e1pr\u00e1ztatva.&#8221;<\/p>\n<p>A 50 jelentkez\u0151 csapatb\u00f3l kiv\u00e1lasztott \u00f6t legjobb verseny\u00e9ben a Debreceniek bizonyultak a legfelk\u00e9sz\u00fcltebbeknek. \u00d5ket a k\u00f6vett\u00e9k mez\u0151t\u00fariak, m\u00edg a k\u00e9pzeletbeli dobog\u00f3 harmadik fok\u00e1ra a szolnokiak l\u00e9phettek f\u00f6l. <\/p>\n<div style=\"width: 640px;\" class=\"wp-video\"><!--[if lt IE 9]><script>document.createElement('video');<\/script><![endif]-->\n<video class=\"wp-video-shortcode\" id=\"video-9282-1\" width=\"640\" height=\"360\" preload=\"metadata\" controls=\"controls\"><source type=\"video\/mp4\" src=\"\/spots\/hir\/hir_180618_01.mp4?_=1\" \/><a href=\"\/spots\/hir\/hir_180618_01.mp4\">\/spots\/hir\/hir_180618_01.mp4<\/a><\/video><\/div>\n","protected":false},"excerpt":{"rendered":"<p>Tal\u00e1n a rep\u00fcl\u0151m\u00fazeum munkat\u00e1rsai sem gondolt\u00e1k, hogy valaha l\u00e9gi j\u00e1rm\u0171 emelkedik az int\u00e9zm\u00e9ny el\u0151l a magasba. Pedig a h\u00e9tv\u00e9g\u00e9n ez t\u00f6rt\u00e9nt. A Nemzeti K\u00f6zszolg\u00e1lati Egyetem Hadtudom\u00e1nyi \u00e9s Honv\u00e9dtisztk\u00e9pz\u0151 Kar Katonai Rep\u00fcl\u0151 Int\u00e9zete egy uni\u00f3s p\u00e1ly\u00e1zatnak k\u00f6sz\u00f6nhet\u0151en hirdette meg k\u00f6z\u00e9piskol\u00e1soknak sz\u00f3l\u00f3 verseny\u00e9t. &#8220;Mint kutat\u00e1st, fejleszt\u00e9st \u00e9s oktat\u00e1st folytat\u00f3 fels\u0151oktat\u00e1si int\u00e9zm\u00e9ny \u00fagy gondoltuk, hogy ennek a tud\u00e1snak [&hellip;]<\/p>\n","protected":false},"author":2,"featured_media":0,"comment_status":"closed","ping_status":"closed","sticky":false,"template":"","format":"standard","meta":[],"categories":[9],"tags":[],"_links":{"self":[{"href":"http:\/\/archiv.szolnoktv.hu\/index.php?rest_route=\/wp\/v2\/posts\/9282"}],"collection":[{"href":"http:\/\/archiv.szolnoktv.hu\/index.php?rest_route=\/wp\/v2\/posts"}],"about":[{"href":"http:\/\/archiv.szolnoktv.hu\/index.php?rest_route=\/wp\/v2\/types\/post"}],"author":[{"embeddable":true,"href":"http:\/\/archiv.szolnoktv.hu\/index.php?rest_route=\/wp\/v2\/users\/2"}],"replies":[{"embeddable":true,"href":"http:\/\/archiv.szolnoktv.hu\/index.php?rest_route=%2Fwp%2Fv2%2Fcomments&post=9282"}],"version-history":[{"count":1,"href":"http:\/\/archiv.szolnoktv.hu\/index.php?rest_route=\/wp\/v2\/posts\/9282\/revisions"}],"predecessor-version":[{"id":9293,"href":"http:\/\/archiv.szolnoktv.hu\/index.php?rest_route=\/wp\/v2\/posts\/9282\/revisions\/9293"}],"wp:attachment":[{"href":"http:\/\/archiv.szolnoktv.hu\/index.php?rest_route=%2Fwp%2Fv2%2Fmedia&parent=9282"}],"wp:term":[{"taxonomy":"category","embeddable":true,"href":"http:\/\/archiv.szolnoktv.hu\/index.php?rest_route=%2Fwp%2Fv2%2Fcategories&post=9282"},{"taxonomy":"post_tag","embeddable":true,"href":"http:\/\/archiv.szolnoktv.hu\/index.php?rest_route=%2Fwp%2Fv2%2Ftags&post=9282"}],"curies":[{"name":"wp","href":"https:\/\/api.w.org\/{rel}","templated":true}]}}