{"id":9281,"date":"2018-06-15T18:58:20","date_gmt":"2018-06-15T18:58:20","guid":{"rendered":"http:\/\/archiv.szolnoktv.hu\/?p=9281"},"modified":"2021-08-14T14:27:45","modified_gmt":"2021-08-14T14:27:45","slug":"megnyilt-a-kolyokpark-szolnokon","status":"publish","type":"post","link":"http:\/\/archiv.szolnoktv.hu\/?p=9281","title":{"rendered":"Megny\u00edlt a K\u00f6ly\u00f6kpark Szolnokon"},"content":{"rendered":"<div class='booster-block booster-read-block'><\/div><p> \u00d3ri\u00e1s csokol\u00e1d\u00e9tort\u00e1val \u00fcnnepelt\u00e9k a nyit\u00e1st az orsz\u00e1g tizedik K\u00f6ly\u00f6kparkj\u00e1ban. A gyerekek azonnal birtokba vett\u00e9k a k\u00fcl\u00f6nleges fejleszt\u0151k\u00f6zpontot. <\/p>\n<p> A Magyarorsz\u00e1gon m\u00e1r 20 \u00e9ve m\u0171k\u00f6d\u0151  fejleszt\u0151k\u00f6zpont \u00e9s \u00e9lm\u00e9nypark a Pelik\u00e1n Bev\u00e1s\u00e1rl\u00f3k\u00f6zpont els\u0151 emelet\u00e9n nyitotta meg kapuit. A szolnoki K\u00f6ly\u00f6kpark a Felel\u0151s Sz\u00fcl\u0151k Iskol\u00e1ja r\u00e9v\u00e9n jutott el Szolnokra. <\/p>\n<p>-Nemcsak egy j\u00e1tsz\u00f3h\u00e1z, hanem enn\u00e9l sokkal t\u00f6bb, egy fejleszt\u0151 \u00e9s mozg\u00e1sk\u00f6zpont. Olyan pedag\u00f3gusoknak, sz\u00fcl\u0151knek lehet ez helysz\u00edne, akik tudatosan szeretn\u00e9k fejleszteni a gyerk\u0151c\u00f6t. Olyan eszk\u00f6z\u00f6k \u00e1llnak a rendelkez\u00e9sre, hogy ak\u00e1r a mozg\u00e1sukban ak\u00e1r m\u00e1sban is a legkisebbeket is \u00e9s ak\u00e1r a tizen\u00e9veseket is el tudja sz\u00f3rakoztatni. &#8212; mondta Tibenszky Moni Lisa  alap\u00edt\u00f3 \u00fcgyvezet\u0151 <\/p>\n<p> D\u00e1n, n\u00e9met \u00e9s sv\u00e9d pszichol\u00f3gusok dolgoztak az eszk\u00f6z\u00f6k kidolg\u00e1z\u00e1s\u00e1n. A korai fejleszt\u00e9s, mozg\u00e1sfejleszt\u00e9s mellett a diszlexi\u00e1s, , s\u00e9r\u00fclt, de az eg\u00e9szs\u00e9ges, tanul\u00e1si neh\u00e9zs\u00e9gekkel k\u00fczd\u0151 gyerekek sz\u00e1m\u00e1ra is hasznos lehet\u0151s\u00e9g a k\u00fcl\u00f6nleges, b\u00e1tors\u00e1got , egyens\u00faly\u00e9rz\u00e9ket, agyi funkci\u00f3kat is fejleszt\u0151 j\u00e1tsz\u00f3t\u00e9r. Nem v\u00e9letlen\u00fcl a vak\u00e1ci\u00f3 nulladik napj\u00e1n nyitott a k\u00f6ly\u00f6kpark. <\/p>\n<p>-A K\u00f6ly\u00f6kpark abban seg\u00edt , hogy nyaranta amikor t\u00e1borok k\u00f6zt kimarad egy-k\u00e9t nap, amikor nincs hova tenni a gyereket, a k\u00f6ly\u00f6kpark v\u00e1llalja az egy napos gyermekmeg\u0151rz\u00e9st. Ak\u00e1r d\u00e9lel\u0151tt, ak\u00e1r d\u00e9lut\u00e1n vagy ak\u00e1r eg\u00e9sz napra is.&#8221; -mondta  Dr. Fekete \u00c9va alap\u00edt\u00f3-\u00fcgyvezet\u0151<\/p>\n<p> Emellett \u00fagynevezett UV b\u00e9rlettel is k\u00e9sz\u00fclnek a ny\u00e1rra. A legforr\u00f3bb napokon 11 \u00e9s 15 \u00f3ra k\u00f6z\u00f6tt kedvezm\u00e9nyesen j\u00e1tszhatnak a gyerekek. A K\u00f6ly\u00f6kpark h\u00e9t k\u00f6zben 10-19 , h\u00e9tv\u00e9ge 9-19  v\u00e1rja a csal\u00e1dokat.<br \/>\n<br \/>\n<div style=\"width: 640px;\" class=\"wp-video\"><!--[if lt IE 9]><script>document.createElement('video');<\/script><![endif]-->\n<video class=\"wp-video-shortcode\" id=\"video-9281-1\" width=\"640\" height=\"360\" preload=\"metadata\" controls=\"controls\"><source type=\"video\/mp4\" src=\"\/spots\/hir\/hir_180615_06.mp4?_=1\" \/><a href=\"\/spots\/hir\/hir_180615_06.mp4\">\/spots\/hir\/hir_180615_06.mp4<\/a><\/video><\/div><\/p>\n","protected":false},"excerpt":{"rendered":"<p>\u00d3ri\u00e1s csokol\u00e1d\u00e9tort\u00e1val \u00fcnnepelt\u00e9k a nyit\u00e1st az orsz\u00e1g tizedik K\u00f6ly\u00f6kparkj\u00e1ban. A gyerekek azonnal birtokba vett\u00e9k a k\u00fcl\u00f6nleges fejleszt\u0151k\u00f6zpontot. A Magyarorsz\u00e1gon m\u00e1r 20 \u00e9ve m\u0171k\u00f6d\u0151 fejleszt\u0151k\u00f6zpont \u00e9s \u00e9lm\u00e9nypark a Pelik\u00e1n Bev\u00e1s\u00e1rl\u00f3k\u00f6zpont els\u0151 emelet\u00e9n nyitotta meg kapuit. A szolnoki K\u00f6ly\u00f6kpark a Felel\u0151s Sz\u00fcl\u0151k Iskol\u00e1ja r\u00e9v\u00e9n jutott el Szolnokra. -Nemcsak egy j\u00e1tsz\u00f3h\u00e1z, hanem enn\u00e9l sokkal t\u00f6bb, egy fejleszt\u0151 \u00e9s [&hellip;]<\/p>\n","protected":false},"author":2,"featured_media":0,"comment_status":"closed","ping_status":"closed","sticky":false,"template":"","format":"standard","meta":[],"categories":[9],"tags":[],"_links":{"self":[{"href":"http:\/\/archiv.szolnoktv.hu\/index.php?rest_route=\/wp\/v2\/posts\/9281"}],"collection":[{"href":"http:\/\/archiv.szolnoktv.hu\/index.php?rest_route=\/wp\/v2\/posts"}],"about":[{"href":"http:\/\/archiv.szolnoktv.hu\/index.php?rest_route=\/wp\/v2\/types\/post"}],"author":[{"embeddable":true,"href":"http:\/\/archiv.szolnoktv.hu\/index.php?rest_route=\/wp\/v2\/users\/2"}],"replies":[{"embeddable":true,"href":"http:\/\/archiv.szolnoktv.hu\/index.php?rest_route=%2Fwp%2Fv2%2Fcomments&post=9281"}],"version-history":[{"count":1,"href":"http:\/\/archiv.szolnoktv.hu\/index.php?rest_route=\/wp\/v2\/posts\/9281\/revisions"}],"predecessor-version":[{"id":9294,"href":"http:\/\/archiv.szolnoktv.hu\/index.php?rest_route=\/wp\/v2\/posts\/9281\/revisions\/9294"}],"wp:attachment":[{"href":"http:\/\/archiv.szolnoktv.hu\/index.php?rest_route=%2Fwp%2Fv2%2Fmedia&parent=9281"}],"wp:term":[{"taxonomy":"category","embeddable":true,"href":"http:\/\/archiv.szolnoktv.hu\/index.php?rest_route=%2Fwp%2Fv2%2Fcategories&post=9281"},{"taxonomy":"post_tag","embeddable":true,"href":"http:\/\/archiv.szolnoktv.hu\/index.php?rest_route=%2Fwp%2Fv2%2Ftags&post=9281"}],"curies":[{"name":"wp","href":"https:\/\/api.w.org\/{rel}","templated":true}]}}