{"id":9279,"date":"2018-06-15T16:22:42","date_gmt":"2018-06-15T16:22:42","guid":{"rendered":"http:\/\/archiv.szolnoktv.hu\/?p=9279"},"modified":"2021-08-14T14:27:46","modified_gmt":"2021-08-14T14:27:46","slug":"megszuntettek-a-hibat-a-madach-uton","status":"publish","type":"post","link":"http:\/\/archiv.szolnoktv.hu\/?p=9279","title":{"rendered":"Megsz\u00fcntett\u00e9k a hib\u00e1t a Mad\u00e1ch \u00faton"},"content":{"rendered":"<div class='booster-block booster-read-block'><\/div><p>J\u00fanius elsej\u00e9n szakadt be egy szem\u00e9lyg\u00e9pkocsi a Mad\u00e1ch utc\u00e1ban. A rendhagy\u00f3 esetet egy \u00fajabb rendhagy\u00f3 felfedez\u00e9s k\u00f6vette. Az \u00fattest alatt egy val\u00f3s\u00e1gos barlangot tal\u00e1ltak a V\u00edz \u00e9s Csatornam\u0171vek Koncesszi\u00f3s Zrt. munkat\u00e1rsai. Mint kider\u00fclt, a DN 100- as t\u00edpus\u00fa \u00f6nt\u00f6ttvas gerincvezet\u00e9k reped\u00e9s\u00e9n \u00e1t t\u00e1voz\u00f3 iv\u00f3v\u00edz az\u00e9rt nem t\u00f6rt f\u00f6l kor\u00e1bban, mert azt egy a k\u00f6zelben fut\u00f3 szennyv\u00edzcsatorna vezette el. <\/p>\n<p>&#8220;Ez egy rejtet hiba, mert ugye a v\u00edzfoly\u00e1st azt elvezette a szennyv\u00edzcsatorna \u00e9s ez\u00e1ltal az \u00e1gyazati anyagot is. Ez\u00e9rt k\u00e9pz\u0151d\u00f6tt ez az \u00fcreged\u00e9si k\u00e9p. A m\u0171szakos koll\u00e9g\u00e1k azonnal kiszakaszolt\u00e1k a h\u00e1l\u00f3zatot, az \u00edv\u00f3v\u00edzvezet\u00e9k hiba elh\u00e1r\u00edt\u00e1s\u00e1t azonnal megkezdt\u00e9k. Jogszab\u00e1ly szerint hat \u00f3r\u00e1n bel\u00fcl visszaadtuk a szolg\u00e1ltat\u00e1st a felhaszn\u00e1l\u00f3k sz\u00e1m\u00e1ra, ezt k\u00f6vet\u0151en tudtuk megkezdeni a szennyv\u00edzcsatorna h\u00e1l\u00f3zat jav\u00edt\u00e1s\u00e1t ami ugye az\u00e9rt hosszabb id\u0151t vett ig\u00e9nybe, a teljes aszfaltoz\u00e1ssal j\u00fanius hatodik\u00e1ra fejezt\u00fck be a munk\u00e1t.&#8221; &#8211; mondta Magyarn\u00e9 Bede Marianna a VCSM Zrt. m\u0171szaki igazgat\u00f3ja.<\/p>\n<p>Orsz\u00e1gos probl\u00e9ma- \u00edgy Szolnokon is gondot jelent a v\u00edzh\u00e1l\u00f3zat el\u00f6reged\u00e9se. A megyesz\u00e9khelyen a 40- es, 50- es \u00e9vekben fektett\u00e9k le a ma is haszn\u00e1lt h\u00e1l\u00f3zat nagy r\u00e9sz\u00e9t. A meghib\u00e1sod\u00e1sok ez\u00e9rt viszonylag gyakoriak. <\/p>\n<p>&#8220;Szolnok Megyei Jog\u00fa V\u00e1ros a koncesszi\u00f3s szerz\u0151d\u00e9sb\u0151l ad\u00f3d\u00f3an igyekszik a rendelkez\u00e9sre \u00e1ll\u00f3 \u00f6sszeget 1995- \u00f3ta folyamatosan a v\u00edzk\u00f6zm\u0171 rekonstrukci\u00f3ra felhaszn\u00e1lni.&#8221; &#8211; tette hozz\u00e1 Magyarn\u00e9 Bede Marianna.<\/p>\n<p>A teljes v\u00edzh\u00e1l\u00f3zat egyszeri fel\u00faj\u00edt\u00e1s\u00e1ra m\u00e9g \u00fagy sincs es\u00e9ly, hogy az \u00f6nkorm\u00e1nyzat \u00e9s a szolg\u00e1ltat\u00f3 eddig is minden lehets\u00e9ges p\u00e1ly\u00e1zati forr\u00e1st ig\u00e9nybe vett. Egy ilyen beruh\u00e1z\u00e1s ugyanis milli\u00e1rdokba ker\u00fclne.<br \/>\n<br \/>\n<div style=\"width: 640px;\" class=\"wp-video\"><!--[if lt IE 9]><script>document.createElement('video');<\/script><![endif]-->\n<video class=\"wp-video-shortcode\" id=\"video-9279-1\" width=\"640\" height=\"360\" preload=\"metadata\" controls=\"controls\"><source type=\"video\/mp4\" src=\"\/spots\/hir\/hir_180615_04.mp4?_=1\" \/><a href=\"\/spots\/hir\/hir_180615_04.mp4\">\/spots\/hir\/hir_180615_04.mp4<\/a><\/video><\/div><\/p>\n","protected":false},"excerpt":{"rendered":"<p>J\u00fanius elsej\u00e9n szakadt be egy szem\u00e9lyg\u00e9pkocsi a Mad\u00e1ch utc\u00e1ban. A rendhagy\u00f3 esetet egy \u00fajabb rendhagy\u00f3 felfedez\u00e9s k\u00f6vette. Az \u00fattest alatt egy val\u00f3s\u00e1gos barlangot tal\u00e1ltak a V\u00edz \u00e9s Csatornam\u0171vek Koncesszi\u00f3s Zrt. munkat\u00e1rsai. Mint kider\u00fclt, a DN 100- as t\u00edpus\u00fa \u00f6nt\u00f6ttvas gerincvezet\u00e9k reped\u00e9s\u00e9n \u00e1t t\u00e1voz\u00f3 iv\u00f3v\u00edz az\u00e9rt nem t\u00f6rt f\u00f6l kor\u00e1bban, mert azt egy a k\u00f6zelben fut\u00f3 [&hellip;]<\/p>\n","protected":false},"author":2,"featured_media":0,"comment_status":"closed","ping_status":"closed","sticky":false,"template":"","format":"standard","meta":[],"categories":[9],"tags":[],"_links":{"self":[{"href":"http:\/\/archiv.szolnoktv.hu\/index.php?rest_route=\/wp\/v2\/posts\/9279"}],"collection":[{"href":"http:\/\/archiv.szolnoktv.hu\/index.php?rest_route=\/wp\/v2\/posts"}],"about":[{"href":"http:\/\/archiv.szolnoktv.hu\/index.php?rest_route=\/wp\/v2\/types\/post"}],"author":[{"embeddable":true,"href":"http:\/\/archiv.szolnoktv.hu\/index.php?rest_route=\/wp\/v2\/users\/2"}],"replies":[{"embeddable":true,"href":"http:\/\/archiv.szolnoktv.hu\/index.php?rest_route=%2Fwp%2Fv2%2Fcomments&post=9279"}],"version-history":[{"count":1,"href":"http:\/\/archiv.szolnoktv.hu\/index.php?rest_route=\/wp\/v2\/posts\/9279\/revisions"}],"predecessor-version":[{"id":9296,"href":"http:\/\/archiv.szolnoktv.hu\/index.php?rest_route=\/wp\/v2\/posts\/9279\/revisions\/9296"}],"wp:attachment":[{"href":"http:\/\/archiv.szolnoktv.hu\/index.php?rest_route=%2Fwp%2Fv2%2Fmedia&parent=9279"}],"wp:term":[{"taxonomy":"category","embeddable":true,"href":"http:\/\/archiv.szolnoktv.hu\/index.php?rest_route=%2Fwp%2Fv2%2Fcategories&post=9279"},{"taxonomy":"post_tag","embeddable":true,"href":"http:\/\/archiv.szolnoktv.hu\/index.php?rest_route=%2Fwp%2Fv2%2Ftags&post=9279"}],"curies":[{"name":"wp","href":"https:\/\/api.w.org\/{rel}","templated":true}]}}