{"id":9278,"date":"2018-06-15T15:19:14","date_gmt":"2018-06-15T15:19:14","guid":{"rendered":"http:\/\/archiv.szolnoktv.hu\/?p=9278"},"modified":"2021-08-14T14:27:46","modified_gmt":"2021-08-14T14:27:46","slug":"az-utolso-nap-az-iskolaban","status":"publish","type":"post","link":"http:\/\/archiv.szolnoktv.hu\/?p=9278","title":{"rendered":"Az utols\u00f3 nap az iskol\u00e1ban"},"content":{"rendered":"<div class='booster-block booster-read-block'><\/div><p>Ilyen r\u00f6vid cseng\u0151sz\u00f3 jelezte az utols\u00f3 nap, utols\u00f3  &#8211;   r\u00f6vid\u00edtett- tan\u00f3r\u00e1inak a v\u00e9g\u00e9t a Szandasz\u0151l\u0151si \u00c1ltal\u00e1nos Iskol\u00e1ban. A legkisebbek el\u00e1rult\u00e1k- van mit kipihenni\u00fck \u00e9s hogy sokf\u00e9le szabad id\u0151s tev\u00e9kenys\u00e9gnek h\u00f3dolnak majd a k\u00f6vetkez\u0151 11 h\u00e9tben.<\/p>\n<p>-Ny\u00e1ron t\u00f6bb ideig el lehet menni mondjuk kir\u00e1ndulni, de \u00fagy, hogy ne kelljen tanulni.&#8221;-mondta P\u00f3lya Bal\u00e1zs.<\/p>\n<p>-Nem kell hamar lefek\u00fcdn\u00f6m, nem kell kor\u00e1n kelnem, tudok egy csom\u00f3t j\u00e1tszani \u00e9s Tancsa Mil\u00e1nnal is tudok egy csom\u00f3t focizni.&#8221;-mondta Fekete Mil\u00e1n G\u00e1bor.<\/p>\n<p>-Nem kell annyit tanulni, meg kint lehet\u00fcnk sokat az udvaron, mert nem esik annyit az es\u0151.&#8221;-mondta Tolvaj Dorina.<\/p>\n<p>-Mert sokat tudok majd videoj\u00e1t\u00e9kozni \u00e9s \u00e1tmenni a bar\u00e1taimhoz \u00e9s ott aludni. \u00c9s \u0151k is \u00e1t tudnak j\u00f6nni hozz\u00e1m \u00e9s ugyan \u00fagy itt aludni n\u00e1lam.&#8221;-mondta Fazekas B\u00e1lint.<\/p>\n<p>A fels\u0151 tagozatos tanul\u00f3k els\u0151 sorban dolgozni, olvasni \u00e9s kikapcsol\u00f3dni szeretn\u00e9nek mondjuk a Balaton partj\u00e1n.<\/p>\n<p>-El\u0151sz\u00f6r is kipihenem az iskol\u00e1t, mert nagyon lef\u00e1rasztott ez az eg\u00e9sz \u00e9v. \u00c9s azt\u00e1n szerintem \u00e9n olvasni fogok meg pihenni \u00e9s azt\u00e1n meg megy\u00fcnk nyaralni.&#8221;-mondta Marina Anna.<\/p>\n<p>-Az\u00e9rt j\u00f3 a ny\u00e1ri sz\u00fcnet, mert nem kell azon izgulni, hogy mikor kell tanulni \u00e9s mikor lesznek a felm\u00e9r\u00e9sek, hanem ink\u00e1bb lazulunk, megy\u00fcnk nyaralni \u00e9s nem t\u00f6r\u0151d\u00fcnk az iskol\u00e1val.&#8221; -mondta Kov\u00e1cs Laura.<\/p>\n<p>-Sok programom lesz: a Balatont azt nem fogom kihagyni \u00e9s az unokates\u00f3\u00e9kat sem, mert j\u00f6nnek haza. Izgalmas lesz, m\u00e1r v\u00e1rom.&#8221;-mondta Gajz\u00e1g\u00f3 Soma.<\/p>\n<p>-A ny\u00e1r nagy r\u00e9sz\u00e9t di\u00e1kmunk\u00e1val fogom t\u00f6lteni \u00e9s az ebb\u0151l megkeresett p\u00e9nzb\u0151l el szeretn\u00e9k menni nyaralni. M\u00e9g a ny\u00e1ron szeretn\u00e9k felk\u00e9sz\u00fclni a k\u00f6z\u00e9piskol\u00e1ra. H\u00e1t, meg a pihen\u00e9s a l\u00e9nyeg, nagyj\u00e1b\u00f3l ennyi.&#8221; -mondta Demeter Bal\u00e1zs.<\/p>\n<p>A tan\u00e1rok \u00e9s a sz\u00fcl\u0151k egyar\u00e1nt nagy hangs\u00falyt fektetnek arra, hogy a gyermekeknek tartalmasan teljen a k\u00f6vetkez\u0151 k\u00e9t \u00e9s f\u00e9l h\u00f3nap. <\/p>\n<p>-Nagyon nagyon j\u00f3l szervezett programjaik lesznek, teh\u00e1t a t\u00f6bbs\u00e9gnek j\u00f3l szervezett programjaik lesznek. Rengeteg t\u00e1bor \u00e1ll a gyerekek rendelkez\u00e9s\u00e9re: csak n\u00e1lunk, iskola szervez\u00e9sben is, egy kezem nem el\u00e9g, hogy megsz\u00e1moljam, h\u00e1nyf\u00e9le t\u00e1borba tudnak menni a gyerekek. A sz\u00fcl\u0151k is azon vannak, hogy min\u00e9l tartalmasabban tudj\u00e1k elt\u00f6lteni a gyerekeik a nyarat.&#8221;-nyilatkozta Katona Zsuzsa, magyar tan\u00e1r.<\/p>\n<p>A m\u00falt h\u00e9ten felmer\u00fclt, hogy a korm\u00e1ny k\u00e9t h\u00e9ttel meghosszabb\u00edtan\u00e1 a tan\u00e9vet -t\u00e1bori vagy t\u00e1borszer\u0171 foglalkoz\u00e1sokkal&#8221;. Ez az Emberi Er\u0151forr\u00e1sok Miniszt\u00e9rium\u00e1nak t\u00e1j\u00e9koztat\u00e1sa szerint nem \u00e9rinti a k\u00f6vetkez\u0151 tan\u00e9vet. \u00cdgy a 2018\/19-es tan\u00e9v hossz\u00e1t, illetve szerkezet\u00e9t illet\u0151en nem lesz v\u00e1ltoz\u00e1s. A t\u00e9nyleges tan\u00edt\u00e1si napok sz\u00e1ma 181, az els\u0151 tan\u00edt\u00e1si nap pedig szeptember 3-a, h\u00e9tf\u0151 lesz.<br \/>\n<br \/>\n<div style=\"width: 640px;\" class=\"wp-video\"><!--[if lt IE 9]><script>document.createElement('video');<\/script><![endif]-->\n<video class=\"wp-video-shortcode\" id=\"video-9278-1\" width=\"640\" height=\"360\" preload=\"metadata\" controls=\"controls\"><source type=\"video\/mp4\" src=\"\/spots\/hir\/hir_180615_03.mp4?_=1\" \/><a href=\"\/spots\/hir\/hir_180615_03.mp4\">\/spots\/hir\/hir_180615_03.mp4<\/a><\/video><\/div><\/p>\n","protected":false},"excerpt":{"rendered":"<p>Ilyen r\u00f6vid cseng\u0151sz\u00f3 jelezte az utols\u00f3 nap, utols\u00f3 &#8211; r\u00f6vid\u00edtett- tan\u00f3r\u00e1inak a v\u00e9g\u00e9t a Szandasz\u0151l\u0151si \u00c1ltal\u00e1nos Iskol\u00e1ban. A legkisebbek el\u00e1rult\u00e1k- van mit kipihenni\u00fck \u00e9s hogy sokf\u00e9le szabad id\u0151s tev\u00e9kenys\u00e9gnek h\u00f3dolnak majd a k\u00f6vetkez\u0151 11 h\u00e9tben. -Ny\u00e1ron t\u00f6bb ideig el lehet menni mondjuk kir\u00e1ndulni, de \u00fagy, hogy ne kelljen tanulni.&#8221;-mondta P\u00f3lya Bal\u00e1zs. -Nem kell hamar lefek\u00fcdn\u00f6m, [&hellip;]<\/p>\n","protected":false},"author":2,"featured_media":0,"comment_status":"closed","ping_status":"closed","sticky":false,"template":"","format":"standard","meta":[],"categories":[9],"tags":[],"_links":{"self":[{"href":"http:\/\/archiv.szolnoktv.hu\/index.php?rest_route=\/wp\/v2\/posts\/9278"}],"collection":[{"href":"http:\/\/archiv.szolnoktv.hu\/index.php?rest_route=\/wp\/v2\/posts"}],"about":[{"href":"http:\/\/archiv.szolnoktv.hu\/index.php?rest_route=\/wp\/v2\/types\/post"}],"author":[{"embeddable":true,"href":"http:\/\/archiv.szolnoktv.hu\/index.php?rest_route=\/wp\/v2\/users\/2"}],"replies":[{"embeddable":true,"href":"http:\/\/archiv.szolnoktv.hu\/index.php?rest_route=%2Fwp%2Fv2%2Fcomments&post=9278"}],"version-history":[{"count":1,"href":"http:\/\/archiv.szolnoktv.hu\/index.php?rest_route=\/wp\/v2\/posts\/9278\/revisions"}],"predecessor-version":[{"id":9297,"href":"http:\/\/archiv.szolnoktv.hu\/index.php?rest_route=\/wp\/v2\/posts\/9278\/revisions\/9297"}],"wp:attachment":[{"href":"http:\/\/archiv.szolnoktv.hu\/index.php?rest_route=%2Fwp%2Fv2%2Fmedia&parent=9278"}],"wp:term":[{"taxonomy":"category","embeddable":true,"href":"http:\/\/archiv.szolnoktv.hu\/index.php?rest_route=%2Fwp%2Fv2%2Fcategories&post=9278"},{"taxonomy":"post_tag","embeddable":true,"href":"http:\/\/archiv.szolnoktv.hu\/index.php?rest_route=%2Fwp%2Fv2%2Ftags&post=9278"}],"curies":[{"name":"wp","href":"https:\/\/api.w.org\/{rel}","templated":true}]}}