{"id":9276,"date":"2018-06-15T15:05:31","date_gmt":"2018-06-15T15:05:31","guid":{"rendered":"http:\/\/archiv.szolnoktv.hu\/?p=9276"},"modified":"2021-08-14T14:27:46","modified_gmt":"2021-08-14T14:27:46","slug":"keszulnek-a-muzeumok-ejszakajara","status":"publish","type":"post","link":"http:\/\/archiv.szolnoktv.hu\/?p=9276","title":{"rendered":"K\u00e9sz\u00fclnek a M\u00fazeumok \u00c9jszak\u00e1j\u00e1ra"},"content":{"rendered":"<div class='booster-block booster-read-block'><\/div><p>&#8220;Az \u00e9jszaka nem alv\u00e1sra val\u00f3&#8221; .. \u00e9rdemes lesz a szlogent megfogadni j\u00fanius 23- \u00e1n azoknak akik a kult\u00fara, a helyt\u00f6rt\u00e9net ir\u00e1nti \u00e9rdekl\u0151dnek. A m\u00fazeumok \u00e9jszak\u00e1j\u00e1n els\u0151sorban a csal\u00e1dok\u00e9 lesz a f\u0151szerep, kezde a sajt\u00f3t\u00e1j\u00e9koztat\u00f3t T\u00f3th Zsanett n\u00e9prajzkutat\u00f3. <\/p>\n<p>-A m\u0171sorunk strukt\u00far\u00e1j\u00e1t kiss\u00e9 id\u00e9n \u00e1talak\u00edtottuk, \u00faj elemekkel gazdag\u00edtottuk, t\u00f6bb zenei fell\u00e9p\u0151 fog megjelenni n\u00e1lunk- \u00edgy olyan is aki eddig m\u00e9g sosem voltak itt n\u00e1lunk a d\u00edszudvaron. Ez\u00e9rt is kapta a programunk a -csal\u00e1dra hangolva c\u00edmet.&#8221;. <\/p>\n<p>A Damjanich M\u00fazeum programja 16- \u00f3rakor kezd\u0151dik a Gal\u00e9ri\u00e1ban a m\u00e1rciusban ny\u00edlt n\u00e9prajzi t\u00e9m\u00e1j\u00fa ki\u00e1ll\u00edt\u00e1s t\u00e1rlatvezet\u00e9s\u00e9vel. A m\u00fazeum Kossuth t\u00e9ri \u00e9p\u00fclet\u00e9ben a kicsiket k\u00e9zm\u0171ves foglalkoz\u00e1ssal, a nagyobbakat az aktu\u00e1lis ki\u00e1ll\u00edt\u00e1sokkal v\u00e1rj\u00e1k a rendez\u0151k. De lesz alkonyati v\u00e1rt\u00fara, lesznek koncertek \u00e9s a Tab\u00e1ni T\u00e1jh\u00e1z is megnyitja kapuit. A programokat z\u00e1r\u00f3, \u00e9jf\u00e9lig tart\u00f3 csillagles ut\u00e1n zen\u00e9s produkci\u00f3val b\u00facs\u00faznak, mondta P\u00e9ter Istv\u00e1nn\u00e9 t\u00e1jh\u00e1zvezet\u0151.<\/p>\n<p>&#8220;Huszonn\u00e9gy \u00f3rakor lesz egy t\u00e1rogat\u00f3zene, S\u00f3ki Ferenc fog zen\u00e9lni- \u0151 fogja az Il Silenci\u00f3val z\u00e1rni ezt a programot.&#8221;<\/p>\n<p>Aki j\u00fanius 23- ig nem szeretne v\u00e1rni, m\u00e1r k\u00e9t nappal el\u0151tte- szerd\u00e1n \u00edzel\u00edt\u0151t kaphat a tab\u00e1ni v\u00e1rosr\u00e9sz m\u00faltj\u00e1b\u00f3l Zsolnai L\u00e1szl\u00f3 el\u0151ad\u00e1sa r\u00e9v\u00e9n.<\/p>\n<p>&#8220;Az lesz az el\u0151ad\u00e1s\u00e1nak c\u00edme, hogy -Ezen nevett\u00fcnk anno&#8221;. Azt fogja tulajdonk\u00e9ppen bemutatni, hogy a szolnokiak m\u00e9g a nagy gazdas\u00e1gi vil\u00e1gv\u00e1ls\u00e1g idej\u00e9n sem vesztett\u00e9k el a humor\u00e9rz\u00e9k\u00fcket&#8221; <\/p>\n<p>A mai sajt\u00f3t\u00e1j\u00e9koztat\u00f3n a Mez\u0151t\u00faron megyny\u00edlt Alf\u00f6ldi Fazekas Trienn\u00e1l\u00e9 Szolnokra ker\u00fcl\u0151 anyag\u00e1r\u00f3l is sz\u00f3lt Gecse Annabella n\u00e9prajzkutat\u00f3.<\/p>\n<p>-Szolnokon egy kicsit m\u00e1s form\u00e1t fog \u00f6lteni rem\u00e9nyeink \u00e9s terveink szerint, mert a ker\u00e1mia rakt\u00e1runkba ker\u00fclt r\u00e9gi trienn\u00e1l\u00e9s zs\u0171rizett anyagb\u00f3l kialakult sz\u00e9p gy\u0171jtem\u00e9ny\u00fcnk aminek a bemutat\u00e1s\u00e1val szeretn\u00e9nk a t\u00f6rt\u00e9netet teljess\u00e9 tenni.&#8221;<\/p>\n<p>A ki\u00e1ll\u00edt\u00e1snak egyel\u0151re nincs pontos id\u0151pontja. Az el\u0151zetes tervek szerint j\u00falius 12- \u00e9t\u0151l l\u00e1togathat\u00f3 majd az 1979- ben Szolnokr\u00f3l indult trienn\u00e1l\u00e9 ez \u00e9vben ki\u00edrt p\u00e1ly\u00e1zat\u00e1ra be\u00e9rkezett anyag.<\/p>\n<div style=\"width: 640px;\" class=\"wp-video\"><!--[if lt IE 9]><script>document.createElement('video');<\/script><![endif]-->\n<video class=\"wp-video-shortcode\" id=\"video-9276-1\" width=\"640\" height=\"360\" preload=\"metadata\" controls=\"controls\"><source type=\"video\/mp4\" src=\"\/spots\/hir\/hir_180615_01.mp4?_=1\" \/><a href=\"\/spots\/hir\/hir_180615_01.mp4\">\/spots\/hir\/hir_180615_01.mp4<\/a><\/video><\/div>\n","protected":false},"excerpt":{"rendered":"<p>&#8220;Az \u00e9jszaka nem alv\u00e1sra val\u00f3&#8221; .. \u00e9rdemes lesz a szlogent megfogadni j\u00fanius 23- \u00e1n azoknak akik a kult\u00fara, a helyt\u00f6rt\u00e9net ir\u00e1nti \u00e9rdekl\u0151dnek. A m\u00fazeumok \u00e9jszak\u00e1j\u00e1n els\u0151sorban a csal\u00e1dok\u00e9 lesz a f\u0151szerep, kezde a sajt\u00f3t\u00e1j\u00e9koztat\u00f3t T\u00f3th Zsanett n\u00e9prajzkutat\u00f3. -A m\u0171sorunk strukt\u00far\u00e1j\u00e1t kiss\u00e9 id\u00e9n \u00e1talak\u00edtottuk, \u00faj elemekkel gazdag\u00edtottuk, t\u00f6bb zenei fell\u00e9p\u0151 fog megjelenni n\u00e1lunk- \u00edgy olyan is [&hellip;]<\/p>\n","protected":false},"author":2,"featured_media":0,"comment_status":"closed","ping_status":"closed","sticky":false,"template":"","format":"standard","meta":[],"categories":[9],"tags":[],"_links":{"self":[{"href":"http:\/\/archiv.szolnoktv.hu\/index.php?rest_route=\/wp\/v2\/posts\/9276"}],"collection":[{"href":"http:\/\/archiv.szolnoktv.hu\/index.php?rest_route=\/wp\/v2\/posts"}],"about":[{"href":"http:\/\/archiv.szolnoktv.hu\/index.php?rest_route=\/wp\/v2\/types\/post"}],"author":[{"embeddable":true,"href":"http:\/\/archiv.szolnoktv.hu\/index.php?rest_route=\/wp\/v2\/users\/2"}],"replies":[{"embeddable":true,"href":"http:\/\/archiv.szolnoktv.hu\/index.php?rest_route=%2Fwp%2Fv2%2Fcomments&post=9276"}],"version-history":[{"count":1,"href":"http:\/\/archiv.szolnoktv.hu\/index.php?rest_route=\/wp\/v2\/posts\/9276\/revisions"}],"predecessor-version":[{"id":9299,"href":"http:\/\/archiv.szolnoktv.hu\/index.php?rest_route=\/wp\/v2\/posts\/9276\/revisions\/9299"}],"wp:attachment":[{"href":"http:\/\/archiv.szolnoktv.hu\/index.php?rest_route=%2Fwp%2Fv2%2Fmedia&parent=9276"}],"wp:term":[{"taxonomy":"category","embeddable":true,"href":"http:\/\/archiv.szolnoktv.hu\/index.php?rest_route=%2Fwp%2Fv2%2Fcategories&post=9276"},{"taxonomy":"post_tag","embeddable":true,"href":"http:\/\/archiv.szolnoktv.hu\/index.php?rest_route=%2Fwp%2Fv2%2Ftags&post=9276"}],"curies":[{"name":"wp","href":"https:\/\/api.w.org\/{rel}","templated":true}]}}