{"id":9275,"date":"2018-06-14T19:46:21","date_gmt":"2018-06-14T19:46:21","guid":{"rendered":"http:\/\/archiv.szolnoktv.hu\/?p=9275"},"modified":"2021-08-14T14:27:46","modified_gmt":"2021-08-14T14:27:46","slug":"viragosztas-a-belvarosban","status":"publish","type":"post","link":"http:\/\/archiv.szolnoktv.hu\/?p=9275","title":{"rendered":"Vir\u00e1goszt\u00e1s a belv\u00e1rosban"},"content":{"rendered":"<div class='booster-block booster-read-block'><\/div><p>Egy vir\u00e1gos erk\u00e9ly a sok k\u00f6z\u00fcl. Szolnokon jellemz\u0151 a lak\u00f3telepekre is, hogy vir\u00e1gba borulnak a ny\u00e1r k\u00f6zeledt\u00e9vel. Valaki a balkont, valaki pedig a h\u00e1z el\u0151tti el\u0151kertet m\u0171velni lelkesen.<\/p>\n<p>-Most is van benne term\u00e9szetesen. Csak friss\u00edtj\u00fck \u00e9s egy picit sz\u00ednes\u00edtj\u00fck.&#8221;  &#8211;   mondta Alm\u00e1si J\u00f3zsefn\u00e9.<\/p>\n<p>A v\u00e1ros t\u00f6bb \u00e9ve tart\u00f3 egyik sikerprogramja a vir\u00e1goszt\u00e1s. A megyesz\u00e9khely t\u00f6bb pontj\u00e1n is ingyen adj\u00e1k azokat a n\u00f6v\u00e9nyeket, melyeket a Munkalehet\u0151s\u00e9g a J\u00f6v\u0151\u00e9rt Nonprofit Kft. n\u00f6v\u00e9nyh\u00e1z\u00e1ban neveltek. Mindenki az\u00e9rt j\u00f6tt, hogy m\u00e9g sz\u00ednesebb\u00e9 var\u00e1zsolja lak\u00f3k\u00f6rnyezet\u00e9t.<\/p>\n<p>-Hogy az udvarom \u00e9s a h\u00e1zam eleje sz\u00e9p legyen. Az erk\u00e9lyem is gy\u00f6ny\u00f6r\u0171, olyan, hogy az utc\u00e1ban nincs olyan \u00e9s \u00e9n s\u00f6pr\u00f6getek a h\u00e1z el\u0151tt \u00e9s oda szeretn\u00e9k vinni, hogy sz\u00e9p legyen a h\u00e1zam eleje is.&#8221;  &#8211;   mondta Muszi Ferencn\u00e9.<\/p>\n<p>-El\u00fcltetj\u00fck a vir\u00e1gokat a h\u00e1z el\u00e9, mindenki markol egy darabot, egy ter\u00fcletet elfoglaltunk vir\u00e1gokat \u00fcltet\u00fcnk bele.&#8221;  &#8211;   mondta Gy\u00f6rgy Mih\u00e1ly.<\/p>\n<p>Szolnok kor\u00e1bban elnyerte a legvir\u00e1gosabb turisztikai c\u00e9lpont c\u00edmet, a n\u00e9v pedig k\u00f6telez, a lak\u00f3k pedig szeretik, ha sz\u00e9p k\u00f6rnyezetben \u00e9lhetnek. Mindez a v\u00e1rosk\u00e9pet is jelent\u0151sen sz\u00e9p\u00edti.<\/p>\n<p>-Egyre t\u00f6bb olyan hely van a v\u00e1rosban, ahol vir\u00e1gok rengeteg z\u00f6ld tal\u00e1lhat\u00f3 \u00e9s egy ilyen v\u00e1rosban az Alf\u00f6ld k\u00f6zep\u00e9n, ahol a porszennyez\u00e9s jelent\u0151s, nem mindegy, hogy milyen z\u00f6ld seg\u00edti ezt a szennyez\u00e9st f\u00f6lfogni \u00e9s mennyi plussz oxig\u00e9nt termel.&#8221;  &#8211;   mondta Szalay Ferenc polg\u00e1rmester.<\/p>\n<p>A vir\u00e1gokat gyorsan elkapkodt\u00e1k, egy sem maradt. Szalay Ferenc polg\u00e1rmester elmondta: a j\u00f6v\u0151ben is folytat\u00f3dik a program \u00e9s keresik annak a lehet\u0151s\u00e9g\u00e9t, hogy vir\u00e1gf\u00f6lddel egy\u00fctt adj\u00e1k majd a n\u00f6v\u00e9nyeket.<\/p>\n<div style=\"width: 640px;\" class=\"wp-video\"><!--[if lt IE 9]><script>document.createElement('video');<\/script><![endif]-->\n<video class=\"wp-video-shortcode\" id=\"video-9275-1\" width=\"640\" height=\"360\" preload=\"metadata\" controls=\"controls\"><source type=\"video\/mp4\" src=\"\/spots\/hir\/hir_180614_04.mp4?_=1\" \/><a href=\"\/spots\/hir\/hir_180614_04.mp4\">\/spots\/hir\/hir_180614_04.mp4<\/a><\/video><\/div>\n","protected":false},"excerpt":{"rendered":"<p>Egy vir\u00e1gos erk\u00e9ly a sok k\u00f6z\u00fcl. Szolnokon jellemz\u0151 a lak\u00f3telepekre is, hogy vir\u00e1gba borulnak a ny\u00e1r k\u00f6zeledt\u00e9vel. Valaki a balkont, valaki pedig a h\u00e1z el\u0151tti el\u0151kertet m\u0171velni lelkesen. -Most is van benne term\u00e9szetesen. Csak friss\u00edtj\u00fck \u00e9s egy picit sz\u00ednes\u00edtj\u00fck.&#8221; &#8211; mondta Alm\u00e1si J\u00f3zsefn\u00e9. A v\u00e1ros t\u00f6bb \u00e9ve tart\u00f3 egyik sikerprogramja a vir\u00e1goszt\u00e1s. A megyesz\u00e9khely t\u00f6bb [&hellip;]<\/p>\n","protected":false},"author":2,"featured_media":0,"comment_status":"closed","ping_status":"closed","sticky":false,"template":"","format":"standard","meta":[],"categories":[9],"tags":[],"_links":{"self":[{"href":"http:\/\/archiv.szolnoktv.hu\/index.php?rest_route=\/wp\/v2\/posts\/9275"}],"collection":[{"href":"http:\/\/archiv.szolnoktv.hu\/index.php?rest_route=\/wp\/v2\/posts"}],"about":[{"href":"http:\/\/archiv.szolnoktv.hu\/index.php?rest_route=\/wp\/v2\/types\/post"}],"author":[{"embeddable":true,"href":"http:\/\/archiv.szolnoktv.hu\/index.php?rest_route=\/wp\/v2\/users\/2"}],"replies":[{"embeddable":true,"href":"http:\/\/archiv.szolnoktv.hu\/index.php?rest_route=%2Fwp%2Fv2%2Fcomments&post=9275"}],"version-history":[{"count":1,"href":"http:\/\/archiv.szolnoktv.hu\/index.php?rest_route=\/wp\/v2\/posts\/9275\/revisions"}],"predecessor-version":[{"id":9300,"href":"http:\/\/archiv.szolnoktv.hu\/index.php?rest_route=\/wp\/v2\/posts\/9275\/revisions\/9300"}],"wp:attachment":[{"href":"http:\/\/archiv.szolnoktv.hu\/index.php?rest_route=%2Fwp%2Fv2%2Fmedia&parent=9275"}],"wp:term":[{"taxonomy":"category","embeddable":true,"href":"http:\/\/archiv.szolnoktv.hu\/index.php?rest_route=%2Fwp%2Fv2%2Fcategories&post=9275"},{"taxonomy":"post_tag","embeddable":true,"href":"http:\/\/archiv.szolnoktv.hu\/index.php?rest_route=%2Fwp%2Fv2%2Ftags&post=9275"}],"curies":[{"name":"wp","href":"https:\/\/api.w.org\/{rel}","templated":true}]}}