{"id":9274,"date":"2018-06-14T19:42:58","date_gmt":"2018-06-14T19:42:58","guid":{"rendered":"http:\/\/archiv.szolnoktv.hu\/?p=9274"},"modified":"2021-08-14T14:27:47","modified_gmt":"2021-08-14T14:27:47","slug":"junius-25-ig-nem-lesz-forgalomkorlatozas-a-zagyva-hidon","status":"publish","type":"post","link":"http:\/\/archiv.szolnoktv.hu\/?p=9274","title":{"rendered":"J\u00fanius 25-ig nem lesz forgalomkorl\u00e1toz\u00e1s a Zagyva-h\u00eddon"},"content":{"rendered":"<div class='booster-block booster-read-block'><\/div><p> Kilom\u00e9teres sor ma d\u00e9lel\u0151tt a 4-es \u00fat Szolnokot elker\u00fcl\u0151 szakasz\u00e1n. A f\u0151\u00fat fel\u00faj\u00edt\u00e1sa folytat\u00f3dik, holnap csak\u00fagy mint ma,  8 \u00e9s  16 \u00f3ra k\u00f6z\u00f6tt dolgoznak az szakemberek, emiatt f\u00e9lp\u00e1ly\u00e1s \u00fatlez\u00e1r\u00e1ssal kell sz\u00e1molniuk az aut\u00f3soknak. Szombaton a T\u00f3szegi \u00fati csom\u00f3pont le \u00e9s felhajt\u00f3 \u00e1gait rekonstru\u00e1lj\u00e1k. Itt is forgalomkorl\u00e1toz\u00e1sra kell sz\u00e1m\u00edtani. A reggeli \u00f3r\u00e1kban a Debrecen fel\u0151l \u00e9rkez\u0151k, d\u00e9lel\u0151tt pedig a Budapest fel\u0151l k\u00f6zleked\u0151k nem hajthatnak majd fel a csom\u00f3pontn\u00e1l. J\u00fanius 18-\u00e1n kezd\u0151dik a Szent Istv\u00e1n h\u00edd fel\u00faj\u00edt\u00e1sa, j\u00falius 15-ig eg\u00e9sz nap f\u00e9lp\u00e1ly\u00e1s \u00fatz\u00e1r mellett zajlanak a munk\u00e1latok a h\u00edd teljes hossz\u00e1ban. A 4-es sz\u00e1m\u00fa f\u0151\u00fat orsz\u00e1gos \u00e9s nemzetk\u00f6zi szerepe miatt jelent\u0151s torl\u00f3d\u00e1sokra kell sz\u00e1m\u00edtani. Elkezd\u0151dik a Kaposv\u00e1ri Gyula ismertebb nev\u00e9n Zagyva h\u00edd rendbet\u00e9tele is holnap. A k\u00f6vetkez\u0151 10 napban ebb\u0151l a k\u00f6zleked\u0151k egyel\u0151re semmit nem fognak \u00e9rz\u00e9kelni, j\u00fanius 25-t\u0151l azonban el\u0151bb f\u00e9lp\u00e1ly\u00e1s \u00fatz\u00e1rra kell sz\u00e1m\u00edtani, \u00e1m el\u0151rel\u00e1that\u00f3lag k\u00e9t h\u00f3napig, szeptember k\u00f6zep\u00e9ig teljes \u00fatz\u00e1r lesz \u00e9rv\u00e9nyben. A v\u00e1ros vezet\u00e9se a lakosok t\u00fcrelm\u00e9t \u00e9s egy\u00fcttm\u0171k\u00f6d\u00e9s\u00e9t k\u00e9ri a k\u00f6vetkez\u0151 h\u00f3napokban.<br \/>\n<br \/>\n<div style=\"width: 640px;\" class=\"wp-video\"><!--[if lt IE 9]><script>document.createElement('video');<\/script><![endif]-->\n<video class=\"wp-video-shortcode\" id=\"video-9274-1\" width=\"640\" height=\"360\" preload=\"metadata\" controls=\"controls\"><source type=\"video\/mp4\" src=\"\/spots\/hir\/hir_180614_03.mp4?_=1\" \/><a href=\"\/spots\/hir\/hir_180614_03.mp4\">\/spots\/hir\/hir_180614_03.mp4<\/a><\/video><\/div><\/p>\n","protected":false},"excerpt":{"rendered":"<p>Kilom\u00e9teres sor ma d\u00e9lel\u0151tt a 4-es \u00fat Szolnokot elker\u00fcl\u0151 szakasz\u00e1n. A f\u0151\u00fat fel\u00faj\u00edt\u00e1sa folytat\u00f3dik, holnap csak\u00fagy mint ma, 8 \u00e9s 16 \u00f3ra k\u00f6z\u00f6tt dolgoznak az szakemberek, emiatt f\u00e9lp\u00e1ly\u00e1s \u00fatlez\u00e1r\u00e1ssal kell sz\u00e1molniuk az aut\u00f3soknak. Szombaton a T\u00f3szegi \u00fati csom\u00f3pont le \u00e9s felhajt\u00f3 \u00e1gait rekonstru\u00e1lj\u00e1k. Itt is forgalomkorl\u00e1toz\u00e1sra kell sz\u00e1m\u00edtani. A reggeli \u00f3r\u00e1kban a Debrecen fel\u0151l \u00e9rkez\u0151k, [&hellip;]<\/p>\n","protected":false},"author":2,"featured_media":0,"comment_status":"closed","ping_status":"closed","sticky":false,"template":"","format":"standard","meta":[],"categories":[9],"tags":[],"_links":{"self":[{"href":"http:\/\/archiv.szolnoktv.hu\/index.php?rest_route=\/wp\/v2\/posts\/9274"}],"collection":[{"href":"http:\/\/archiv.szolnoktv.hu\/index.php?rest_route=\/wp\/v2\/posts"}],"about":[{"href":"http:\/\/archiv.szolnoktv.hu\/index.php?rest_route=\/wp\/v2\/types\/post"}],"author":[{"embeddable":true,"href":"http:\/\/archiv.szolnoktv.hu\/index.php?rest_route=\/wp\/v2\/users\/2"}],"replies":[{"embeddable":true,"href":"http:\/\/archiv.szolnoktv.hu\/index.php?rest_route=%2Fwp%2Fv2%2Fcomments&post=9274"}],"version-history":[{"count":1,"href":"http:\/\/archiv.szolnoktv.hu\/index.php?rest_route=\/wp\/v2\/posts\/9274\/revisions"}],"predecessor-version":[{"id":9301,"href":"http:\/\/archiv.szolnoktv.hu\/index.php?rest_route=\/wp\/v2\/posts\/9274\/revisions\/9301"}],"wp:attachment":[{"href":"http:\/\/archiv.szolnoktv.hu\/index.php?rest_route=%2Fwp%2Fv2%2Fmedia&parent=9274"}],"wp:term":[{"taxonomy":"category","embeddable":true,"href":"http:\/\/archiv.szolnoktv.hu\/index.php?rest_route=%2Fwp%2Fv2%2Fcategories&post=9274"},{"taxonomy":"post_tag","embeddable":true,"href":"http:\/\/archiv.szolnoktv.hu\/index.php?rest_route=%2Fwp%2Fv2%2Ftags&post=9274"}],"curies":[{"name":"wp","href":"https:\/\/api.w.org\/{rel}","templated":true}]}}