{"id":9273,"date":"2018-06-14T19:39:47","date_gmt":"2018-06-14T19:39:47","guid":{"rendered":"http:\/\/archiv.szolnoktv.hu\/?p=9273"},"modified":"2021-08-14T14:27:47","modified_gmt":"2021-08-14T14:27:47","slug":"magyar-allami-operahaz-sajtotajekoztato","status":"publish","type":"post","link":"http:\/\/archiv.szolnoktv.hu\/?p=9273","title":{"rendered":"Magyar \u00c1llami Operah\u00e1z sajt\u00f3t\u00e1j\u00e9koztat\u00f3"},"content":{"rendered":"<div class='booster-block booster-read-block'><\/div><p>Szimfonikus konceretek, sz\u00ednh\u00e1zi darabok \u00e9s k\u00f3rus m\u0171vek ut\u00e1n opera el\u0151ad\u00e1ssal gazdagodik Szolnok kultur\u00e1lis \u00e9lete. A Magyar Nemzeti Operah\u00e1z k\u00fcldet\u00e9s\u00e9nek tekinti, hogy az opera \u00fczenet\u00e9t t\u00f6bb magyarlakta telep\u00fcl\u00e9sre eljuttassa. A dalsz\u00ednh\u00e1z ennek jegy\u00e9ben \u00e1lmodta meg az -Oper\u00e1t az Oper\u00e1b\u00f3l&#8221; orsz\u00e1gj\u00e1r\u00f3 turn\u00e9t, ami november 18. \u00e9rkezik Szolnokra. A V\u00e1rosi Sportcsarnok sz\u00ednpad\u00e1n Puccini Turandot c\u00edm\u0171 oper\u00e1ja elevenedik meg.<\/p>\n<p>-Szolnok az az a hely, ahol egy kiv\u00e1l\u00f3 szimfonikus zenekar m\u0171k\u00f6dik, ell\u00e1tja \u00f6n\u00f6ket zen\u00e9vel, \u00fagyhogy ide \u00e9s m\u00e9g 7 m\u00e1sik v\u00e1rosba olyan el\u0151ad\u00e1st hozunk \u00e9s nem b\u00e9rletet, hanem olyan el\u0151ad\u00e1st, ami nagy appar\u00e1tusra \u00e9p\u00fcl, amit v\u00e9lhet\u0151en Szolnokon nem lehet kivitelezni. De ugyan ezt tessz\u00fck Gy\u0151rrel, Szegeddel.&#8221;- mondta \u00d3kov\u00e1cs Szilveszter a Magyar \u00c1llami Operah\u00e1z f\u0151igazgat\u00f3ja.<\/p>\n<p>A sajt\u00f3t\u00e1j\u00e9koztat\u00f3n a dalsz\u00ednh\u00e1z a Magyar Opera200 c\u00edm\u0171 kiadv\u00e1ny\u00e1t is bemutatt\u00e1k. \u00cdgy n\u00e9z ki az a d\u00edszdoboz, ami 35 CD-t \u00e9s egy tanulm\u00e1nyt tartalmaz. A korongokon v\u00e1logatott operam\u0171vek hallhat\u00f3k, melynek c\u00e9lja az operairodalmunk bemutat\u00e1sa \u00e9s a m\u0171faj n\u00e9pszer\u0171s\u00edt\u00e9se.<\/p>\n<p>-A zene nagyon komoly nevel\u00e9si er\u0151. Ezekben a zenei m\u0171vekben \u00e9nekben b\u00e1rmiben, akkora rend l\u00e1tszik, hogy hihetetlen. Akinek a lelk\u00e9t ez el\u00e9ri, az a rendre val\u00f3 hajlam\u00e1t is er\u0151s\u00edti. Ebben a vil\u00e1gban ez nem h\u00e1tr\u00e1ny.&#8221;- mondta Szalay Ferenc polg\u00e1rmester.<\/p>\n<p>A kiadv\u00e1nnyal az Operah\u00e1z csaknem 1000 k\u00f6nyvt\u00e1rat \u00e9s zenei int\u00e9zm\u00e9nyt aj\u00e1nd\u00e9koz meg. Megy\u00e9nk k\u00e9pviselet\u00e9ben a d\u00edszdobozt Czak\u00f3n\u00e9 Gacov Katalin a Verseghy Ferenc K\u00f6nyvt\u00e1r igazgat\u00f3ja vette \u00e1t.<br \/>\n<br \/>\n<div style=\"width: 640px;\" class=\"wp-video\"><!--[if lt IE 9]><script>document.createElement('video');<\/script><![endif]-->\n<video class=\"wp-video-shortcode\" id=\"video-9273-1\" width=\"640\" height=\"360\" preload=\"metadata\" controls=\"controls\"><source type=\"video\/mp4\" src=\"\/spots\/hir\/hir_180614_02.mp4?_=1\" \/><a href=\"\/spots\/hir\/hir_180614_02.mp4\">\/spots\/hir\/hir_180614_02.mp4<\/a><\/video><\/div><\/p>\n","protected":false},"excerpt":{"rendered":"<p>Szimfonikus konceretek, sz\u00ednh\u00e1zi darabok \u00e9s k\u00f3rus m\u0171vek ut\u00e1n opera el\u0151ad\u00e1ssal gazdagodik Szolnok kultur\u00e1lis \u00e9lete. A Magyar Nemzeti Operah\u00e1z k\u00fcldet\u00e9s\u00e9nek tekinti, hogy az opera \u00fczenet\u00e9t t\u00f6bb magyarlakta telep\u00fcl\u00e9sre eljuttassa. A dalsz\u00ednh\u00e1z ennek jegy\u00e9ben \u00e1lmodta meg az -Oper\u00e1t az Oper\u00e1b\u00f3l&#8221; orsz\u00e1gj\u00e1r\u00f3 turn\u00e9t, ami november 18. \u00e9rkezik Szolnokra. A V\u00e1rosi Sportcsarnok sz\u00ednpad\u00e1n Puccini Turandot c\u00edm\u0171 oper\u00e1ja elevenedik meg. [&hellip;]<\/p>\n","protected":false},"author":2,"featured_media":0,"comment_status":"closed","ping_status":"closed","sticky":false,"template":"","format":"standard","meta":[],"categories":[9],"tags":[],"_links":{"self":[{"href":"http:\/\/archiv.szolnoktv.hu\/index.php?rest_route=\/wp\/v2\/posts\/9273"}],"collection":[{"href":"http:\/\/archiv.szolnoktv.hu\/index.php?rest_route=\/wp\/v2\/posts"}],"about":[{"href":"http:\/\/archiv.szolnoktv.hu\/index.php?rest_route=\/wp\/v2\/types\/post"}],"author":[{"embeddable":true,"href":"http:\/\/archiv.szolnoktv.hu\/index.php?rest_route=\/wp\/v2\/users\/2"}],"replies":[{"embeddable":true,"href":"http:\/\/archiv.szolnoktv.hu\/index.php?rest_route=%2Fwp%2Fv2%2Fcomments&post=9273"}],"version-history":[{"count":1,"href":"http:\/\/archiv.szolnoktv.hu\/index.php?rest_route=\/wp\/v2\/posts\/9273\/revisions"}],"predecessor-version":[{"id":9302,"href":"http:\/\/archiv.szolnoktv.hu\/index.php?rest_route=\/wp\/v2\/posts\/9273\/revisions\/9302"}],"wp:attachment":[{"href":"http:\/\/archiv.szolnoktv.hu\/index.php?rest_route=%2Fwp%2Fv2%2Fmedia&parent=9273"}],"wp:term":[{"taxonomy":"category","embeddable":true,"href":"http:\/\/archiv.szolnoktv.hu\/index.php?rest_route=%2Fwp%2Fv2%2Fcategories&post=9273"},{"taxonomy":"post_tag","embeddable":true,"href":"http:\/\/archiv.szolnoktv.hu\/index.php?rest_route=%2Fwp%2Fv2%2Ftags&post=9273"}],"curies":[{"name":"wp","href":"https:\/\/api.w.org\/{rel}","templated":true}]}}