{"id":9272,"date":"2018-06-14T19:36:25","date_gmt":"2018-06-14T19:36:25","guid":{"rendered":"http:\/\/archiv.szolnoktv.hu\/?p=9272"},"modified":"2021-08-14T14:27:47","modified_gmt":"2021-08-14T14:27:47","slug":"otodszor-is-megnyertek-az-ev-felvonoja-dijat","status":"publish","type":"post","link":"http:\/\/archiv.szolnoktv.hu\/?p=9272","title":{"rendered":"\u00d6t\u00f6dsz\u00f6r is megnyert\u00e9k az -\u00c9v Felvon\u00f3ja&#8221; d\u00edjat"},"content":{"rendered":"<div class='booster-block booster-read-block'><\/div><p>Az orsz\u00e1gban egyed\u00fclik\u00e9nt, m\u00e1r \u00f6t\u00f6dik alkalommal nyerte el az &#8220;\u00c9v Felvon\u00f3ja&#8221; kit\u00fcntet\u0151 d\u00edjat a szolnoki \u00c9p\u00fclettechnika Kft. Id\u00e9n a Szent Istv\u00e1n Bazilik\u00e1ba \u00e9p\u00edtett felvon\u00f3jukkal p\u00e1ly\u00e1ztak, \u00e9s nyertek. A Magyar Felvon\u00f3 Sz\u00f6vets\u00e9g, a Lift-S Egyes\u00fclet \u00e9s a M\u00e9rn\u00f6ki Kamara els\u0151sorban kis- \u00e9s k\u00f6z\u00e9pv\u00e1llalkoz\u00e1soknak hirdeti meg a versenyt. A szakmai b\u00edr\u00e1l\u00f3 bizotts\u00e1g az egyedi m\u0171szaki megold\u00e1sokat, a k\u00fcl\u00f6nleges diz\u00e1jnt figyeli, de elv\u00e1r\u00e1s, hogy magyar v\u00e1llalatok term\u00e9keib\u0151l \u00e9p\u00fclj\u00f6n a lift. Az \u00c9p\u00fclettechnika maga tervezi, gy\u00e1rtja \u00e9s \u00e9p\u00edti a felvon\u00f3kat.<br \/>&#8220;Egy ilyen helyen, mint a Szent Istv\u00e1n Bazilika, nagy el\u0151d\u00f6k ut\u00e1n \u00e9p\u00edt\u00e9szeti mesterek ut\u00e1n elnyerni feladatot, az megtisztel\u0151. 16:16 A lift\u00fcnk k\u00fcl\u00f6nleges \u00e9p\u00edt\u00e9szeti megold\u00e1sok, egyedi statikai, g\u00e9p\u00e9szeti, vez\u00e9rl\u00e9si megold\u00e1sokat tartalmaz. Nem besz\u00e9lve a diz\u00e1jnr\u00f3l, mely alkalmazkodik a Bazilika harm\u00f3ni\u00e1j\u00e1hoz.&#8221; -mondta KAKUK B\u00c9LA \u00fcgyvezet\u0151.<br \/>A szolnoki c\u00e9g 2009-ben nyerte el el\u0151sz\u00f6r a kit\u00fcntet\u0151 c\u00edmet. Az \u00fcgyvezet\u0151 azt mondja, ehhez sz\u00fcks\u00e9g volt a megrendel\u0151kre is, hiszen ma m\u00e1r egyre nehezebb olyan munk\u00e1t tal\u00e1lni, melyn\u00e9l megengedettek az egyedi gondolatok. A trend ugyanis a multi c\u00e9gek \u00e1ltal el\u0151\u00e1ll\u00edtott, sablonos felvon\u00f3k fel\u00e9 mozdult. 2025-ig ugyanis az eg\u00e9sz vil\u00e1gon egys\u00e9ges m\u0171szaki szab\u00e1lyoz\u00e1st szeretn\u00e9nek bevezetni, \u00e9s ma m\u00e1r mindent ennek rendelnek al\u00e1.<br \/>\n<br \/>\n<div style=\"width: 640px;\" class=\"wp-video\"><!--[if lt IE 9]><script>document.createElement('video');<\/script><![endif]-->\n<video class=\"wp-video-shortcode\" id=\"video-9272-1\" width=\"640\" height=\"360\" preload=\"metadata\" controls=\"controls\"><source type=\"video\/mp4\" src=\"\/spots\/hir\/hir_180614_01.mp4?_=1\" \/><a href=\"\/spots\/hir\/hir_180614_01.mp4\">\/spots\/hir\/hir_180614_01.mp4<\/a><\/video><\/div><\/p>\n","protected":false},"excerpt":{"rendered":"<p>Az orsz\u00e1gban egyed\u00fclik\u00e9nt, m\u00e1r \u00f6t\u00f6dik alkalommal nyerte el az &#8220;\u00c9v Felvon\u00f3ja&#8221; kit\u00fcntet\u0151 d\u00edjat a szolnoki \u00c9p\u00fclettechnika Kft. Id\u00e9n a Szent Istv\u00e1n Bazilik\u00e1ba \u00e9p\u00edtett felvon\u00f3jukkal p\u00e1ly\u00e1ztak, \u00e9s nyertek. A Magyar Felvon\u00f3 Sz\u00f6vets\u00e9g, a Lift-S Egyes\u00fclet \u00e9s a M\u00e9rn\u00f6ki Kamara els\u0151sorban kis- \u00e9s k\u00f6z\u00e9pv\u00e1llalkoz\u00e1soknak hirdeti meg a versenyt. A szakmai b\u00edr\u00e1l\u00f3 bizotts\u00e1g az egyedi m\u0171szaki megold\u00e1sokat, a [&hellip;]<\/p>\n","protected":false},"author":2,"featured_media":0,"comment_status":"closed","ping_status":"closed","sticky":false,"template":"","format":"standard","meta":[],"categories":[9],"tags":[],"_links":{"self":[{"href":"http:\/\/archiv.szolnoktv.hu\/index.php?rest_route=\/wp\/v2\/posts\/9272"}],"collection":[{"href":"http:\/\/archiv.szolnoktv.hu\/index.php?rest_route=\/wp\/v2\/posts"}],"about":[{"href":"http:\/\/archiv.szolnoktv.hu\/index.php?rest_route=\/wp\/v2\/types\/post"}],"author":[{"embeddable":true,"href":"http:\/\/archiv.szolnoktv.hu\/index.php?rest_route=\/wp\/v2\/users\/2"}],"replies":[{"embeddable":true,"href":"http:\/\/archiv.szolnoktv.hu\/index.php?rest_route=%2Fwp%2Fv2%2Fcomments&post=9272"}],"version-history":[{"count":1,"href":"http:\/\/archiv.szolnoktv.hu\/index.php?rest_route=\/wp\/v2\/posts\/9272\/revisions"}],"predecessor-version":[{"id":9303,"href":"http:\/\/archiv.szolnoktv.hu\/index.php?rest_route=\/wp\/v2\/posts\/9272\/revisions\/9303"}],"wp:attachment":[{"href":"http:\/\/archiv.szolnoktv.hu\/index.php?rest_route=%2Fwp%2Fv2%2Fmedia&parent=9272"}],"wp:term":[{"taxonomy":"category","embeddable":true,"href":"http:\/\/archiv.szolnoktv.hu\/index.php?rest_route=%2Fwp%2Fv2%2Fcategories&post=9272"},{"taxonomy":"post_tag","embeddable":true,"href":"http:\/\/archiv.szolnoktv.hu\/index.php?rest_route=%2Fwp%2Fv2%2Ftags&post=9272"}],"curies":[{"name":"wp","href":"https:\/\/api.w.org\/{rel}","templated":true}]}}