{"id":9271,"date":"2018-06-14T19:24:37","date_gmt":"2018-06-14T19:24:37","guid":{"rendered":"http:\/\/archiv.szolnoktv.hu\/?p=9271"},"modified":"2021-08-14T14:27:47","modified_gmt":"2021-08-14T14:27:47","slug":"elso-retro-ver-adas-a-szolnok-televizioban","status":"publish","type":"post","link":"http:\/\/archiv.szolnoktv.hu\/?p=9271","title":{"rendered":"Els\u0151 Retro V\u00e9r-Ad\u00e1s a Szolnok Telev\u00edzi\u00f3ban"},"content":{"rendered":"<div class='booster-block booster-read-block'><\/div><p>A Magyar V\u00f6r\u00f6skereszt Megyei Szervezete \u00e9s a  Szolnoki Ter\u00fcleti V\u00e9rell\u00e1t\u00f3 sz\u00e1mos munkahelyre szervezett m\u00e1r v\u00e9rad\u00e1st. Telev\u00edzi\u00f3s st\u00fadi\u00f3ba azonban most el\u0151sz\u00f6r.  -Telev\u00edzi\u00f3nk igyekszik a v\u00e9rad\u00e1s fontoss\u00e1g\u00e1ra felh\u00edvni a figyelmet, \u00e9s nyomon k\u00f6vetj\u00fck az aktu\u00e1lis v\u00e9rhelyzetet is &#8211; &#8211;   mondta Pog\u00e1ny Attila, vez\u00e9rigazgat\u00f3, aki ma 62. alkalommal adott v\u00e9rt. <\/p>\n<p>-Ny\u00e1ron meglehet\u0151sen visszaesik a donorok sz\u00e1ma, a szabads\u00e1gol\u00e1sok, nyaral\u00e1sok miatt. \u00dagy gondoltuk, hogy j\u00f3 p\u00e9ld\u00e1val igyeksz\u00fcnk el\u0151l j\u00e1rni, nem csak t\u00e1j\u00e9koztatunk, hanem a V\u00f6r\u00f6skereszttel, \u00e9s a V\u00e9rell\u00e1t\u00f3 Szolg\u00e1lattal k\u00f6z\u00f6sen megszervez\u00fcnk egy v\u00e9rad\u00e1st, a v\u00e9rad\u00f3k vil\u00e1gnapj\u00e1ra esett a v\u00e1laszt\u00e1s, nyilv\u00e1n nem v\u00e9letlen\u00fcl. &#8211;<\/p>\n<p>Egy ilyen v\u00e9rad\u00e1s megszervez\u00e9se nagy a v\u00e9rell\u00e1t\u00f3 szolg\u00e1latnak \u00e9s a v\u00f6r\u00f6skeresztnek is, v\u00e9rre ugyanis mindig sz\u00fcks\u00e9g van, a donor viszont egyre kevesebb. <\/p>\n<p>&#8211; \u00c9vr\u0151l-\u00e9vre nehezebb,. A szervez\u00e9s is, \u00e9s a sz\u00e1mok azt mutatj\u00e1k, hogy egyre kevesebb a v\u00e9rad\u00f3 donor.&#8221; -mondta Juh\u00e1sz \u00c9va, megyei igazgat\u00f3 <\/p>\n<p>&#8211; Nagyon \u00f6r\u00fcl\u00f6k neki, hogy sz\u00e9les visszhangot kap a v\u00e9rad\u00e1s v\u00e1rosunkban, hogy j\u00f6jjenek el v\u00e9rad\u00e1sra, ismerj\u00e9k meg. Ez j\u00f3, hogy lehet\u0151s\u00e9get kaptunk, hogy itt a Szolnok Telev\u00edzi\u00f3ban szervezhess\u00fcnk v\u00e9rad\u00e1st.&#8221;   Dr. Tomek \u00c1gnes, ter\u00fcleti vezet\u0151 f\u0151orvos<\/p>\n<p> St\u00fadi\u00f3nkba d\u00e9lut\u00e1n k\u00e9t \u00f3r\u00e1t\u00f3l \u00e9rkeztek a v\u00e9rad\u00f3k. <br \/>Adrienn nem v\u00e9rt adni, hanem t\u00f6bbsz\u00f6r\u00f6s v\u00e9rad\u00f3 \u00e9desapja vers\u00e9vel \u00e9rkezett a st\u00fadi\u00f3ba, hogy \u00edgy motiv\u00e1lja azokat, akik nincsenek tiszt\u00e1ban a v\u00e9rad\u00e1s jelent\u0151s\u00e9g\u00e9vel. <\/p>\n<p>A Szolnok Telev\u00edzi\u00f3 els\u0151 Retro-v\u00e9rad\u00e1sa sor\u00e1n 35-en adtak mintegy 150 liter v\u00e9rt.<br \/>\n<br \/>\n<div style=\"width: 640px;\" class=\"wp-video\"><!--[if lt IE 9]><script>document.createElement('video');<\/script><![endif]-->\n<video class=\"wp-video-shortcode\" id=\"video-9271-1\" width=\"640\" height=\"360\" preload=\"metadata\" controls=\"controls\"><source type=\"video\/mp4\" src=\"\/spots\/hir\/hir_180614_05.mp4?_=1\" \/><a href=\"\/spots\/hir\/hir_180614_05.mp4\">\/spots\/hir\/hir_180614_05.mp4<\/a><\/video><\/div><\/p>\n","protected":false},"excerpt":{"rendered":"<p>A Magyar V\u00f6r\u00f6skereszt Megyei Szervezete \u00e9s a Szolnoki Ter\u00fcleti V\u00e9rell\u00e1t\u00f3 sz\u00e1mos munkahelyre szervezett m\u00e1r v\u00e9rad\u00e1st. Telev\u00edzi\u00f3s st\u00fadi\u00f3ba azonban most el\u0151sz\u00f6r. -Telev\u00edzi\u00f3nk igyekszik a v\u00e9rad\u00e1s fontoss\u00e1g\u00e1ra felh\u00edvni a figyelmet, \u00e9s nyomon k\u00f6vetj\u00fck az aktu\u00e1lis v\u00e9rhelyzetet is &#8211; &#8211; mondta Pog\u00e1ny Attila, vez\u00e9rigazgat\u00f3, aki ma 62. alkalommal adott v\u00e9rt. -Ny\u00e1ron meglehet\u0151sen visszaesik a donorok sz\u00e1ma, a szabads\u00e1gol\u00e1sok, [&hellip;]<\/p>\n","protected":false},"author":2,"featured_media":0,"comment_status":"closed","ping_status":"closed","sticky":false,"template":"","format":"standard","meta":[],"categories":[9],"tags":[],"_links":{"self":[{"href":"http:\/\/archiv.szolnoktv.hu\/index.php?rest_route=\/wp\/v2\/posts\/9271"}],"collection":[{"href":"http:\/\/archiv.szolnoktv.hu\/index.php?rest_route=\/wp\/v2\/posts"}],"about":[{"href":"http:\/\/archiv.szolnoktv.hu\/index.php?rest_route=\/wp\/v2\/types\/post"}],"author":[{"embeddable":true,"href":"http:\/\/archiv.szolnoktv.hu\/index.php?rest_route=\/wp\/v2\/users\/2"}],"replies":[{"embeddable":true,"href":"http:\/\/archiv.szolnoktv.hu\/index.php?rest_route=%2Fwp%2Fv2%2Fcomments&post=9271"}],"version-history":[{"count":1,"href":"http:\/\/archiv.szolnoktv.hu\/index.php?rest_route=\/wp\/v2\/posts\/9271\/revisions"}],"predecessor-version":[{"id":9304,"href":"http:\/\/archiv.szolnoktv.hu\/index.php?rest_route=\/wp\/v2\/posts\/9271\/revisions\/9304"}],"wp:attachment":[{"href":"http:\/\/archiv.szolnoktv.hu\/index.php?rest_route=%2Fwp%2Fv2%2Fmedia&parent=9271"}],"wp:term":[{"taxonomy":"category","embeddable":true,"href":"http:\/\/archiv.szolnoktv.hu\/index.php?rest_route=%2Fwp%2Fv2%2Fcategories&post=9271"},{"taxonomy":"post_tag","embeddable":true,"href":"http:\/\/archiv.szolnoktv.hu\/index.php?rest_route=%2Fwp%2Fv2%2Ftags&post=9271"}],"curies":[{"name":"wp","href":"https:\/\/api.w.org\/{rel}","templated":true}]}}