{"id":9270,"date":"2018-06-13T19:06:36","date_gmt":"2018-06-13T19:06:36","guid":{"rendered":"http:\/\/archiv.szolnoktv.hu\/?p=9270"},"modified":"2021-08-14T14:27:48","modified_gmt":"2021-08-14T14:27:48","slug":"rendorsegi-ki-mit-tud","status":"publish","type":"post","link":"http:\/\/archiv.szolnoktv.hu\/?p=9270","title":{"rendered":"Rend\u0151rs\u00e9gi -Ki mit tud?&#8221;"},"content":{"rendered":"<div class='booster-block booster-read-block'><\/div><p>A tavalyi orsz\u00e1gos d\u00f6nt\u0151 m\u00e1sodik helyezettjeinek produkci\u00f3ja nyitotta meg a harmadik rend\u0151rs\u00e9gi -Ki mit tud&#8221; utols\u00f3 megyei fordul\u00f3j\u00e1t. A mai d\u00f6nt\u0151be 7 telep\u00fcl\u00e9s\u00e9r\u0151l \u00e9rkeztek a fiatalok. Simon \u00c9va \u00e9nek \u00e9s hangszeres kateg\u00f3ri\u00e1ban is megm\u00e9rettette mag\u00e1t, \u0151 D\u00e9l-Alf\u00f6ldi csokrot hozott.<\/p>\n<p>-Kiskorom \u00f3ta, nagyj\u00e1b\u00f3l 3 \u00e9ve a klarin\u00e9t, de a furulya is megy mellette, de \u00e9neklek is kiskorom \u00f3ta.&#8221;- mondta Simon \u00c9va.<\/p>\n<p>A gyerekek t\u00e1nc, vers \u00e9s pr\u00f3za, hangszeres \u00e9s \u00e9nek kateg\u00f3ri\u00e1kban nevezhettek a megm\u00e9rettet\u00e9sre. A versenyz\u0151k c\u00e9lja az orsz\u00e1gos d\u00f6nt\u0151be jut\u00e1s volt, ez\u00e9rt a mai fordul\u00f3ra mindenki t\u00f6bb hetet k\u00e9sz\u00fclt.<\/p>\n<p>-Szerintem, ami\u00e9rt pr\u00f3b\u00e1ltam, j\u00f3 lenne, ha benne lenn\u00e9k a top h\u00e1romba. A legjobb lenne az els\u0151 hely.&#8221;- Pet\u00e1k D\u00e1niel R\u00f3bert.<\/p>\n<p>-Nagyon sokat k\u00e9sz\u00fclt\u00fcnk, rendszeres pr\u00f3b\u00e1kkal mindenki a legjobbat pr\u00f3b\u00e1lja megtenni.&#8221;- tette hozz\u00e1 Kecskem\u00e9ti R\u00f3bert.<\/p>\n<p>A fell\u00e9p\u0151k tehets\u00e9g\u00e9t m\u0171v\u00e9szeti- illetve zene iskol\u00e1ban k\u00e9pzik. A megyei rend\u0151r- f\u0151kapit\u00e1nys\u00e1g a h\u00e1tr\u00e1nyos helyzet\u0171 fiataloknak a bemutatkoz\u00e1sra 3. alkalommal ad lehet\u0151s\u00e9get. A -Ki mit tud&#8221; az orsz\u00e1gos f\u0151kapit\u00e1nys\u00e1g tehets\u00e9ggondoz\u00f3 projektj\u00e9nek r\u00e9sze. <\/p>\n<p>-Vannak visszat\u00e9r\u0151 fell\u00e9p\u0151ink, akik m\u00e1r harmadik \u00e9ve vannak. Van, aki els\u0151 \u00e9vben volt, de most \u00fajra megpr\u00f3b\u00e1lja \u00e9s szereik. Az orsz\u00e1gos megm\u00e9rettet\u00e9s sor\u00e1n is nagyon nagy helyez\u00e9seket \u00e9rnek el \u00e9s \u00edgy ismertebbek lesznek \u00e9s egy kicsit kiemelkednek a csal\u00e1di l\u00e9gk\u00f6rb\u0151l vagy a kicsit h\u00e1tr\u00e1nyos helyzet\u00fckb\u0151l.&#8221;- mondta Feket\u00e9n\u00e9 Gyurecsk\u00f3 Erika a megyei rend\u0151r-f\u0151kapit\u00e1nys\u00e1g c\u00edmzetes rend\u0151r t\u00f6rzsz\u00e1szl\u00f3sa. <\/p>\n<p>A megyei d\u00f6nt\u0151 gy\u0151ztese legk\u00f6zelebb az orsz\u00e1gos tal\u00e1lkoz\u00f3n bizony\u00edthat tehets\u00e9g\u00e9vel. A tavalyi sikereknek k\u00f6sz\u00f6nhet\u0151en a szervez\u0151k \u00e9s a versenyz\u0151k bizakodva \u00e1llnak az idei orsz\u00e1gos megm\u00e9rettet\u00e9s el\u0151tt.<br \/>\n<br \/>\n<div style=\"width: 640px;\" class=\"wp-video\"><!--[if lt IE 9]><script>document.createElement('video');<\/script><![endif]-->\n<video class=\"wp-video-shortcode\" id=\"video-9270-1\" width=\"640\" height=\"360\" preload=\"metadata\" controls=\"controls\"><source type=\"video\/mp4\" src=\"\/spots\/hir\/hir_180613_07.mp4?_=1\" \/><a href=\"\/spots\/hir\/hir_180613_07.mp4\">\/spots\/hir\/hir_180613_07.mp4<\/a><\/video><\/div><\/p>\n","protected":false},"excerpt":{"rendered":"<p>A tavalyi orsz\u00e1gos d\u00f6nt\u0151 m\u00e1sodik helyezettjeinek produkci\u00f3ja nyitotta meg a harmadik rend\u0151rs\u00e9gi -Ki mit tud&#8221; utols\u00f3 megyei fordul\u00f3j\u00e1t. A mai d\u00f6nt\u0151be 7 telep\u00fcl\u00e9s\u00e9r\u0151l \u00e9rkeztek a fiatalok. Simon \u00c9va \u00e9nek \u00e9s hangszeres kateg\u00f3ri\u00e1ban is megm\u00e9rettette mag\u00e1t, \u0151 D\u00e9l-Alf\u00f6ldi csokrot hozott. -Kiskorom \u00f3ta, nagyj\u00e1b\u00f3l 3 \u00e9ve a klarin\u00e9t, de a furulya is megy mellette, de \u00e9neklek is [&hellip;]<\/p>\n","protected":false},"author":2,"featured_media":0,"comment_status":"closed","ping_status":"closed","sticky":false,"template":"","format":"standard","meta":[],"categories":[9],"tags":[],"_links":{"self":[{"href":"http:\/\/archiv.szolnoktv.hu\/index.php?rest_route=\/wp\/v2\/posts\/9270"}],"collection":[{"href":"http:\/\/archiv.szolnoktv.hu\/index.php?rest_route=\/wp\/v2\/posts"}],"about":[{"href":"http:\/\/archiv.szolnoktv.hu\/index.php?rest_route=\/wp\/v2\/types\/post"}],"author":[{"embeddable":true,"href":"http:\/\/archiv.szolnoktv.hu\/index.php?rest_route=\/wp\/v2\/users\/2"}],"replies":[{"embeddable":true,"href":"http:\/\/archiv.szolnoktv.hu\/index.php?rest_route=%2Fwp%2Fv2%2Fcomments&post=9270"}],"version-history":[{"count":1,"href":"http:\/\/archiv.szolnoktv.hu\/index.php?rest_route=\/wp\/v2\/posts\/9270\/revisions"}],"predecessor-version":[{"id":9305,"href":"http:\/\/archiv.szolnoktv.hu\/index.php?rest_route=\/wp\/v2\/posts\/9270\/revisions\/9305"}],"wp:attachment":[{"href":"http:\/\/archiv.szolnoktv.hu\/index.php?rest_route=%2Fwp%2Fv2%2Fmedia&parent=9270"}],"wp:term":[{"taxonomy":"category","embeddable":true,"href":"http:\/\/archiv.szolnoktv.hu\/index.php?rest_route=%2Fwp%2Fv2%2Fcategories&post=9270"},{"taxonomy":"post_tag","embeddable":true,"href":"http:\/\/archiv.szolnoktv.hu\/index.php?rest_route=%2Fwp%2Fv2%2Ftags&post=9270"}],"curies":[{"name":"wp","href":"https:\/\/api.w.org\/{rel}","templated":true}]}}