{"id":9269,"date":"2018-06-13T19:03:07","date_gmt":"2018-06-13T19:03:07","guid":{"rendered":"http:\/\/archiv.szolnoktv.hu\/?p=9269"},"modified":"2021-08-14T14:27:48","modified_gmt":"2021-08-14T14:27:48","slug":"ozonviz-jasztelken","status":"publish","type":"post","link":"http:\/\/archiv.szolnoktv.hu\/?p=9269","title":{"rendered":"\u00d6z\u00f6nv\u00edz J\u00e1sztelken"},"content":{"rendered":"<div class='booster-block booster-read-block'><\/div><p>-Olyan volt, mintha a Zagyva lett volna itt.&#8221;<\/p>\n<p>A j\u00e1szteleki D\u00f3zsa Gy\u00f6rgy utc\u00e1t mutatja a tegnapi vihar ut\u00e1n ez a f\u00e9rfi. M\u00e9g most is mindenhol pocsoly\u00e1k l\u00e1tsz\u00f3dnak, illetve a tegnap nem kedd \u00e9jszaka nem sokkal \u00e9jf\u00e9l el\u0151tt meg\u00e9rkez\u0151 es\u0151 olyan heves volt, hogy a szomsz\u00e9d h\u00e1zat sem l\u00e1tta amikor kin\u00e9zett az ablakon. Urb\u00e1n J\u00f3zsef azt mondja, az \u00fat ink\u00e1bb egy foly\u00f3ra hasonl\u00edtott eg\u00e9szen ma reggelig.<\/p>\n<p>-Azt l\u00e1ttam, hogy s\u00edk v\u00edz az eg\u00e9sz utca. Azt hittem, hogy foly\u00f3 lett az utc\u00e1b\u00f3l.&#8221;  &#8211;   mondta Urb\u00e1n J\u00f3zsef<\/p>\n<p>Az utc\u00e1n h\u00f6mp\u00f6lyg\u0151 v\u00edz szinte mindenhova befojt, a f\u00e9rfi azt mondja, a gumicsizma is kev\u00e9s lett volna, ha valaki \u00e1t akart volna kelni rajta.<\/p>\n<p>-Itt van a fa, majd ha hazaj\u00f6n a vejem d\u00e9lut\u00e1n, majd akkor rendezked\u00fcnk, sz\u00e9pen legallyazzuk.&#8221; <\/p>\n<p>Itt pedig m\u00e1r n\u00e9h\u00e1ny sz\u00e1z m\u00e9terrel fentebb mutatja egy utcabeli asszony a kid\u0151lt eperf\u00e1j\u00e1t, amelyen m\u00e9g az \u00e9rtlen term\u00e9s is rajta van. A f\u00e1t a k\u00f6zel 100 km\/h sebess\u00e9g\u0171 sz\u00e9l d\u00f6nt\u00f6tte ki. V\u00edgh Istv\u00e1nn\u00e9 azt mondja hangos csattan\u00e1sra \u00e9bredt fel, majd hallotta, hogy valami r\u00e1d\u0151lt a h\u00e1z tetej\u00e9re. <\/p>\n<p>-Kin\u00e9zek, semmit sem l\u00e1tok, d\u00f6nt\u00f6tte lefele a f\u00e1kat, j\u00f6tt az a nagy vihar. A vill\u00e1m, ugye mindent nem tudok, mert nagyon megijedtem, az a f\u00f6ldig vil\u00e1g\u00edtott. \u00c9gi h\u00e1bor\u00fa volt  &#8211;  mondom mag\u00e1nak- annyira s\u00edrtam, hogy az csud\u00e1latos.&#8221;  &#8211;   id\u00e9zte fel az el\u0151z\u0151 \u00e9jszak\u00e1t V\u00edgh Istv\u00e1nn\u00e9 <\/p>\n<p>Az utc\u00e1n h\u00f6mp\u00f6lyg\u0151 v\u00edz az udvarra is befolyt, majd a h\u00e1z konyh\u00e1j\u00e1t is el\u00e1rasztotta. Az asszony kora hajnalt\u00f3l eg\u00e9szen d\u00e9lel\u0151ttig merte a vizet, hogy be tudjon jutni a helyis\u00e9gbe. <\/p>\n<p>Ez pedig m\u00e1r annak az utca v\u00e9gi h\u00e1znak a teteje, amelyikben az egyik legnagyobb k\u00e1rt okozta a tegnapi vihar. Az \u00e9p\u00fclet tetej\u00e9r\u0151l mintegy 15 m2-en f\u00fajta le \u00e9s sz\u00f3rta sz\u00e9t a cserepeket a sz\u00e9l, majd a heves \u00e9s nagymennyis\u00e9g\u0171 es\u0151 miatt a h\u00e1z is be\u00e1zott. Az \u00e9p\u00fcletben mintegy 10-en laknak, \u0151k az \u00f6nkorm\u00e1nyzatt\u00f3l k\u00e9rtek seg\u00edts\u00e9get a k\u00e1r helyre\u00e1ll\u00edt\u00e1s\u00e1hoz.<\/p>\n<div style=\"width: 640px;\" class=\"wp-video\"><!--[if lt IE 9]><script>document.createElement('video');<\/script><![endif]-->\n<video class=\"wp-video-shortcode\" id=\"video-9269-1\" width=\"640\" height=\"360\" preload=\"metadata\" controls=\"controls\"><source type=\"video\/mp4\" src=\"\/spots\/hir\/hir_180613_06.mp4?_=1\" \/><a href=\"\/spots\/hir\/hir_180613_06.mp4\">\/spots\/hir\/hir_180613_06.mp4<\/a><\/video><\/div>\n","protected":false},"excerpt":{"rendered":"<p>-Olyan volt, mintha a Zagyva lett volna itt.&#8221; A j\u00e1szteleki D\u00f3zsa Gy\u00f6rgy utc\u00e1t mutatja a tegnapi vihar ut\u00e1n ez a f\u00e9rfi. M\u00e9g most is mindenhol pocsoly\u00e1k l\u00e1tsz\u00f3dnak, illetve a tegnap nem kedd \u00e9jszaka nem sokkal \u00e9jf\u00e9l el\u0151tt meg\u00e9rkez\u0151 es\u0151 olyan heves volt, hogy a szomsz\u00e9d h\u00e1zat sem l\u00e1tta amikor kin\u00e9zett az ablakon. Urb\u00e1n J\u00f3zsef azt [&hellip;]<\/p>\n","protected":false},"author":2,"featured_media":0,"comment_status":"closed","ping_status":"closed","sticky":false,"template":"","format":"standard","meta":[],"categories":[9],"tags":[],"_links":{"self":[{"href":"http:\/\/archiv.szolnoktv.hu\/index.php?rest_route=\/wp\/v2\/posts\/9269"}],"collection":[{"href":"http:\/\/archiv.szolnoktv.hu\/index.php?rest_route=\/wp\/v2\/posts"}],"about":[{"href":"http:\/\/archiv.szolnoktv.hu\/index.php?rest_route=\/wp\/v2\/types\/post"}],"author":[{"embeddable":true,"href":"http:\/\/archiv.szolnoktv.hu\/index.php?rest_route=\/wp\/v2\/users\/2"}],"replies":[{"embeddable":true,"href":"http:\/\/archiv.szolnoktv.hu\/index.php?rest_route=%2Fwp%2Fv2%2Fcomments&post=9269"}],"version-history":[{"count":1,"href":"http:\/\/archiv.szolnoktv.hu\/index.php?rest_route=\/wp\/v2\/posts\/9269\/revisions"}],"predecessor-version":[{"id":9306,"href":"http:\/\/archiv.szolnoktv.hu\/index.php?rest_route=\/wp\/v2\/posts\/9269\/revisions\/9306"}],"wp:attachment":[{"href":"http:\/\/archiv.szolnoktv.hu\/index.php?rest_route=%2Fwp%2Fv2%2Fmedia&parent=9269"}],"wp:term":[{"taxonomy":"category","embeddable":true,"href":"http:\/\/archiv.szolnoktv.hu\/index.php?rest_route=%2Fwp%2Fv2%2Fcategories&post=9269"},{"taxonomy":"post_tag","embeddable":true,"href":"http:\/\/archiv.szolnoktv.hu\/index.php?rest_route=%2Fwp%2Fv2%2Ftags&post=9269"}],"curies":[{"name":"wp","href":"https:\/\/api.w.org\/{rel}","templated":true}]}}