{"id":9268,"date":"2018-06-13T16:23:13","date_gmt":"2018-06-13T16:23:13","guid":{"rendered":"http:\/\/archiv.szolnoktv.hu\/?p=9268"},"modified":"2021-08-14T14:27:48","modified_gmt":"2021-08-14T14:27:48","slug":"ver-adas-a-studioban","status":"publish","type":"post","link":"http:\/\/archiv.szolnoktv.hu\/?p=9268","title":{"rendered":"V\u00e9r-Ad\u00e1s a st\u00fadi\u00f3ban"},"content":{"rendered":"<div class='booster-block booster-read-block'><\/div><p>V\u00e9r-Ad\u00e1s. M\u00e1s vid\u00e9ki m\u00e9diumhoz hasonl\u00f3an Szolnokon is kinyitja kaput a telev\u00edzi\u00f3 . A Magyar V\u00f6r\u00f6skereszt Megyei Szervezete \u00e9s a  Szolnoki Ter\u00fcleti V\u00e9rell\u00e1t\u00f3 sz\u00e1mos munkahelyre szervezett m\u00e1r v\u00e9rad\u00e1st. Telev\u00edzi\u00f3s st\u00fadi\u00f3ba, \u00e9l\u0151 ad\u00e1sba azonban most el\u0151sz\u00f6r. Az Aba Nov\u00e1k Ag\u00f3ra Kultur\u00e1lis K\u00f6zpont els\u0151 emelet\u00e9n Cozombolis git\u00e1rj\u00e1t\u00e9kkal \u00e9s \u00e9nekkel fogadja majd az \u00e9rkez\u0151ket, aki egy\u00e9bk\u00e9nt maga is ad majd v\u00e9rt. A m\u00e1sodik emeleti st\u00fadi\u00f3ban pedig k\u00fcl\u00f6nleges \u00e9lm\u00e9nyben lehet r\u00e9sz\u00fck a donoroknak. <\/p>\n<p>Pog\u00e1ny Attila vez\u00e9rigazgat\u00f3- f\u0151szerkeszt\u0151: <\/p>\n<p>-&#8220;A hozz\u00e1nk bet\u00e9r\u0151k a v\u00e9rad\u00f3k betekint\u00e9st nyerhetnek a h\u00edrgy\u00e1r mindennapi munk\u00e1j\u00e1ba \u00e9s egy pici bepillant\u00e1st kaphatnak a telev\u00edzi\u00f3s munk\u00e1ba. L\u00e1thatj\u00e1k hogyan zajlanak a k\u00fcl\u00f6nb\u00f6z\u0151 munkafolyamatok. Akiket ez \u00e9rdekel  megpr\u00f3b\u00e1ljuk ezt a fajta k\u00edv\u00e1ncsis\u00e1got is kiel\u00e9g\u00edteni. Mindamellett, hogy karj\u00e1t ny\u00fajtja \u00e9s \u00edgy seg\u00edt embert\u00e1rsainkon. &#8211;<\/p>\n<p>A Szolnok Telev\u00edzi\u00f3 vezet\u0151je maga is t\u00f6bb mint 60 szoros v\u00e9rad\u00f3, \u00edgy cs\u00fct\u00f6rt\u00f6k\u00f6n is t\u0171 al\u00e1 fekszik. Koll\u00e9g\u00e1ink pedig megmutatj\u00e1k majd a v\u00e1rakoz\u00f3knak az egyes munkafolyamatokat. <\/p>\n<p>A st\u00fadi\u00f3ban pedig egym\u00e1st v\u00e1ltj\u00e1k majd a vend\u00e9gek \u00e9s az \u00f6nk\u00e9ntesek. D\u00e9lut\u00e1n 4 \u00f3r\u00e1t\u00f3l 5 \u00f3r\u00e1ig \u00e9l\u0151ben mutatjuk az esem\u00e9nyeket \u00e9s jelen lesz\u00fcnk a facebookon is. <\/p>\n<p>A ny\u00e1ri id\u0151szakban egy\u00e9bk\u00e9nt kiemelt feladat a v\u00e9rad\u00f3k mozg\u00f3s\u00edt\u00e1sa, az orsz\u00e1gos v\u00e9rk\u00e9szlet ugyanis id\u0151nk\u00e9nt meg megcsappan. <\/p>\n<p>Juh\u00e1sz \u00c9va megyei igazgat\u00f3 Magyar V\u00f6r\u00f6skereszt: <\/p>\n<p>-&#8220;V\u00e1rjuk a r\u00e9gi \u00e9s \u00faj v\u00e9rad\u00f3inkat, rajtuk k\u00edv\u00fcl k\u00f6zismert szem\u00e9lyek is vend\u00e9geink lesznek. El\u0151ad\u00f3m\u0171v\u00e9szek, sportol\u00f3k. Minden vend\u00e9g\u00fcnk aj\u00e1nd\u00e9kban r\u00e9szes\u00fcl \u00e9s a retro st\u00edlus jegy\u00e9ben s\u00f6rrel virslivel \u00e9s palacsint\u00e1val. V\u00e1runk mindenkit aki ilyen m\u00f3don szeretne seg\u00edteni beteg embert\u00e1rsain. &#8211;<\/p>\n<p> A Szolnok Telev\u00edzi\u00f3 St\u00fadi\u00f3j\u00e1ba szervezett v\u00e9rad\u00e1sra csaknem 40 donorra sz\u00e1m\u00edtanak. <\/p>\n<div style=\"width: 640px;\" class=\"wp-video\"><!--[if lt IE 9]><script>document.createElement('video');<\/script><![endif]-->\n<video class=\"wp-video-shortcode\" id=\"video-9268-1\" width=\"640\" height=\"360\" preload=\"metadata\" controls=\"controls\"><source type=\"video\/mp4\" src=\"\/spots\/hir\/hir_180613_05.mp4?_=1\" \/><a href=\"\/spots\/hir\/hir_180613_05.mp4\">\/spots\/hir\/hir_180613_05.mp4<\/a><\/video><\/div>\n","protected":false},"excerpt":{"rendered":"<p>V\u00e9r-Ad\u00e1s. M\u00e1s vid\u00e9ki m\u00e9diumhoz hasonl\u00f3an Szolnokon is kinyitja kaput a telev\u00edzi\u00f3 . A Magyar V\u00f6r\u00f6skereszt Megyei Szervezete \u00e9s a Szolnoki Ter\u00fcleti V\u00e9rell\u00e1t\u00f3 sz\u00e1mos munkahelyre szervezett m\u00e1r v\u00e9rad\u00e1st. Telev\u00edzi\u00f3s st\u00fadi\u00f3ba, \u00e9l\u0151 ad\u00e1sba azonban most el\u0151sz\u00f6r. Az Aba Nov\u00e1k Ag\u00f3ra Kultur\u00e1lis K\u00f6zpont els\u0151 emelet\u00e9n Cozombolis git\u00e1rj\u00e1t\u00e9kkal \u00e9s \u00e9nekkel fogadja majd az \u00e9rkez\u0151ket, aki egy\u00e9bk\u00e9nt maga is ad [&hellip;]<\/p>\n","protected":false},"author":2,"featured_media":0,"comment_status":"closed","ping_status":"closed","sticky":false,"template":"","format":"standard","meta":[],"categories":[9],"tags":[],"_links":{"self":[{"href":"http:\/\/archiv.szolnoktv.hu\/index.php?rest_route=\/wp\/v2\/posts\/9268"}],"collection":[{"href":"http:\/\/archiv.szolnoktv.hu\/index.php?rest_route=\/wp\/v2\/posts"}],"about":[{"href":"http:\/\/archiv.szolnoktv.hu\/index.php?rest_route=\/wp\/v2\/types\/post"}],"author":[{"embeddable":true,"href":"http:\/\/archiv.szolnoktv.hu\/index.php?rest_route=\/wp\/v2\/users\/2"}],"replies":[{"embeddable":true,"href":"http:\/\/archiv.szolnoktv.hu\/index.php?rest_route=%2Fwp%2Fv2%2Fcomments&post=9268"}],"version-history":[{"count":1,"href":"http:\/\/archiv.szolnoktv.hu\/index.php?rest_route=\/wp\/v2\/posts\/9268\/revisions"}],"predecessor-version":[{"id":9307,"href":"http:\/\/archiv.szolnoktv.hu\/index.php?rest_route=\/wp\/v2\/posts\/9268\/revisions\/9307"}],"wp:attachment":[{"href":"http:\/\/archiv.szolnoktv.hu\/index.php?rest_route=%2Fwp%2Fv2%2Fmedia&parent=9268"}],"wp:term":[{"taxonomy":"category","embeddable":true,"href":"http:\/\/archiv.szolnoktv.hu\/index.php?rest_route=%2Fwp%2Fv2%2Fcategories&post=9268"},{"taxonomy":"post_tag","embeddable":true,"href":"http:\/\/archiv.szolnoktv.hu\/index.php?rest_route=%2Fwp%2Fv2%2Ftags&post=9268"}],"curies":[{"name":"wp","href":"https:\/\/api.w.org\/{rel}","templated":true}]}}