{"id":9266,"date":"2018-06-13T16:07:17","date_gmt":"2018-06-13T16:07:17","guid":{"rendered":"http:\/\/archiv.szolnoktv.hu\/?p=9266"},"modified":"2021-08-14T14:27:48","modified_gmt":"2021-08-14T14:27:48","slug":"feltor-a-szennyviz-szabalytalan-bekotesek","status":"publish","type":"post","link":"http:\/\/archiv.szolnoktv.hu\/?p=9266","title":{"rendered":"Felt\u00f6r a szennyv\u00edz. Szab\u00e1lytalan bek\u00f6t\u00e9sek?"},"content":{"rendered":"<div class='booster-block booster-read-block'><\/div><p>A Szell\u0151 utca 13-ban lak\u00f3 Moln\u00e1r J\u00f3zsef \u00e9let\u00e9t hossz\u00fa \u00e9vek \u00f3ta nehez\u00edti az id\u0151r\u0151l id\u0151re felt\u00f6r\u0151 szennyv\u00edz. Egy kiad\u00f3sabb, t\u00f6bb \u00f3r\u00e1s es\u0151, vagy egy hirtelen j\u00f6tt intenz\u00edv felh\u0151szakad\u00e1s ut\u00e1n az \u00fagynevezett &#8220;szennyv\u00edz szolg\u00e1ltat\u00e1si pontb\u00f3l&#8221; a szell\u0151z\u0151n \u00f6mlik ki a fek\u00e1lia. Ottj\u00e1rtunkkor is \u00e9rezhet\u0151 volt a szennyv\u00edzszag.<\/p>\n<p>&#8220;J\u00f6n a v\u00edz, j\u00f6n a szennyv\u00edz, fert\u0151z\u00f6tt a k\u00f6rny\u00e9k, ha valaki papucsban j\u00f6n vagy mezitl\u00e1b, ki v\u00e1llalja a felel\u0151ss\u00e9get, ha fert\u0151z\u00e9st kap.&#8221; -mondja MOLN\u00c1R J\u00d3ZSEF.<\/p>\n<p>A szakemberek szerint j\u00f3 min\u0151s\u00e9g\u0171, karbantartott visszacsap\u00f3 szelep be\u00e9p\u00edt\u00e9s\u00e9vel az megakad\u00e1lyozhat\u00f3, hogy az \u00e9p\u00fcletb\u0151l ne follyon vissza a szennyv\u00edz.<\/p>\n<p>&#8220;Ha t\u0151lem j\u00f6nne akkor is felj\u00f6nne, ha nincs es\u0151, akkor azt jelenten, hogy a visszacsap\u00f3 szelep eldugult, \u00e9s az \u00e1ltal nyom\u00f3dik f\u00f6l.&#8221; -folytatta MOLN\u00c1R J\u00d3ZSEF.<\/p>\n<p>A Kertv\u00e1rosban &#8220;elv\u00e1lasztott rendszer&#8221; m\u0171k\u00f6dik -mondta a V\u00edzm\u0171 m\u0171szaki igazgat\u00f3ja. Mindez azt jelenti, hogy k\u00fcl\u00f6n h\u00e1l\u00f3zaton vezetik el a szennyvizet \u00e9s egy m\u00e1sikon a csapad\u00e9kvizet. Mindk\u00e9t h\u00e1l\u00f3zat \u00fagy van m\u00e9retezve, hogy a sz\u00fcks\u00e9ges mennyis\u00e9get elb\u00edrja. Probl\u00e9ma, hogy a k\u00f6rny\u00e9ken nagyon sokan szab\u00e1lytalanul k\u00f6t\u00f6ttek r\u00e1 a szennyv\u00edz h\u00e1l\u00f3zatra.<\/p>\n<p>&#8220;Ha vannak olyan lak\u00f3k, akik az idegen vizet bevezetik, ereszcsatorn\u00e1t, g\u00e9pkocsibej\u00e1r\u00f3t, \u00e9s ezek a vizek \u00edgy megjelennek a szennyv\u00edz elvezet\u00e9sben \u00e9s a h\u00e1l\u00f3zat a kommun\u00e1lis szennyv\u00edz elvezet\u00e9sre vannak tervezve, \u00edgy nem tudj\u00e1k elvezetni a vizet.&#8221; -mondta MAGYARN\u00c9 BEDE MARIANN m\u0171szaki igazgat\u00f3.<\/p>\n<p>A szab\u00e1lytalan bek\u00f6t\u00e9seket \u00fagynevezett &#8220;f\u00fcst\u00f6l\u00e9ses&#8221; m\u00f3dszerrel lehet kisz\u0171rni, ez rendk\u00edv\u00fcl k\u00f6lts\u00e9ges. Magyarn\u00e9 Bede Mariann \u00edg\u00e9rete szerint a V\u00edzm\u0171 egyeztet az \u00f6nkorm\u00e1nyzattal, hogy elv\u00e9gezhess\u00e9k ezt a vizsg\u00e1latot. Az \u00e9rintett lak\u00f3k pedig -mert az utc\u00e1ban t\u00f6bb ingatlann\u00e1l is felj\u00f6n a szennyv\u00edz- a V\u00edzm\u0171 \u00fcgyf\u00e9lszolg\u00e1lat\u00e1n szem\u00e9lyesen jelezz\u00e9k a probl\u00e9m\u00e1t.<br \/>\n<br \/>\n<div style=\"width: 640px;\" class=\"wp-video\"><!--[if lt IE 9]><script>document.createElement('video');<\/script><![endif]-->\n<video class=\"wp-video-shortcode\" id=\"video-9266-1\" width=\"640\" height=\"360\" preload=\"metadata\" controls=\"controls\"><source type=\"video\/mp4\" src=\"\/spots\/hir\/hir_180613_03.mp4?_=1\" \/><a href=\"\/spots\/hir\/hir_180613_03.mp4\">\/spots\/hir\/hir_180613_03.mp4<\/a><\/video><\/div><\/p>\n","protected":false},"excerpt":{"rendered":"<p>A Szell\u0151 utca 13-ban lak\u00f3 Moln\u00e1r J\u00f3zsef \u00e9let\u00e9t hossz\u00fa \u00e9vek \u00f3ta nehez\u00edti az id\u0151r\u0151l id\u0151re felt\u00f6r\u0151 szennyv\u00edz. Egy kiad\u00f3sabb, t\u00f6bb \u00f3r\u00e1s es\u0151, vagy egy hirtelen j\u00f6tt intenz\u00edv felh\u0151szakad\u00e1s ut\u00e1n az \u00fagynevezett &#8220;szennyv\u00edz szolg\u00e1ltat\u00e1si pontb\u00f3l&#8221; a szell\u0151z\u0151n \u00f6mlik ki a fek\u00e1lia. Ottj\u00e1rtunkkor is \u00e9rezhet\u0151 volt a szennyv\u00edzszag. &#8220;J\u00f6n a v\u00edz, j\u00f6n a szennyv\u00edz, fert\u0151z\u00f6tt a k\u00f6rny\u00e9k, [&hellip;]<\/p>\n","protected":false},"author":2,"featured_media":0,"comment_status":"closed","ping_status":"closed","sticky":false,"template":"","format":"standard","meta":[],"categories":[9],"tags":[],"_links":{"self":[{"href":"http:\/\/archiv.szolnoktv.hu\/index.php?rest_route=\/wp\/v2\/posts\/9266"}],"collection":[{"href":"http:\/\/archiv.szolnoktv.hu\/index.php?rest_route=\/wp\/v2\/posts"}],"about":[{"href":"http:\/\/archiv.szolnoktv.hu\/index.php?rest_route=\/wp\/v2\/types\/post"}],"author":[{"embeddable":true,"href":"http:\/\/archiv.szolnoktv.hu\/index.php?rest_route=\/wp\/v2\/users\/2"}],"replies":[{"embeddable":true,"href":"http:\/\/archiv.szolnoktv.hu\/index.php?rest_route=%2Fwp%2Fv2%2Fcomments&post=9266"}],"version-history":[{"count":1,"href":"http:\/\/archiv.szolnoktv.hu\/index.php?rest_route=\/wp\/v2\/posts\/9266\/revisions"}],"predecessor-version":[{"id":9309,"href":"http:\/\/archiv.szolnoktv.hu\/index.php?rest_route=\/wp\/v2\/posts\/9266\/revisions\/9309"}],"wp:attachment":[{"href":"http:\/\/archiv.szolnoktv.hu\/index.php?rest_route=%2Fwp%2Fv2%2Fmedia&parent=9266"}],"wp:term":[{"taxonomy":"category","embeddable":true,"href":"http:\/\/archiv.szolnoktv.hu\/index.php?rest_route=%2Fwp%2Fv2%2Fcategories&post=9266"},{"taxonomy":"post_tag","embeddable":true,"href":"http:\/\/archiv.szolnoktv.hu\/index.php?rest_route=%2Fwp%2Fv2%2Ftags&post=9266"}],"curies":[{"name":"wp","href":"https:\/\/api.w.org\/{rel}","templated":true}]}}