{"id":9265,"date":"2018-06-13T16:03:45","date_gmt":"2018-06-13T16:03:45","guid":{"rendered":"http:\/\/archiv.szolnoktv.hu\/?p=9265"},"modified":"2021-08-14T14:27:48","modified_gmt":"2021-08-14T14:27:48","slug":"tankeruleti-palyazat","status":"publish","type":"post","link":"http:\/\/archiv.szolnoktv.hu\/?p=9265","title":{"rendered":"Tanker\u00fcleti p\u00e1ly\u00e1zat"},"content":{"rendered":"<div class='booster-block booster-read-block'><\/div><p>-Hinned kell, hogy a vil\u00e1g Teveled is \u00e9kes&#8221;. Ezt a c\u00edmet kapta a Szolnoki Tanker\u00fcleti K\u00f6zpont p\u00e1ly\u00e1zata. A 271 milli\u00f3s program janu\u00e1rban indult, abb\u00f3l a c\u00e9lb\u00f3l, hogy seg\u00edts\u00e9k a kiemelt figyelmet ig\u00e9nyl\u0151 \u00e9s halmozottan h\u00e1tr\u00e1nyos helyzet\u0171 gyermekeket foglalkoztat\u00f3 int\u00e9zm\u00e9nyeket. Az els\u0151 f\u00e9l\u00e9v lez\u00e1rult, a mai \u00e9rtekezleten az eddigi eredm\u00e9nyeket \u00e9s tanuls\u00e1gokat \u00e9rt\u00e9kelt\u00e9k az igazgat\u00f3t. <\/p>\n<p>-A koll\u00e9g\u00e1k kit\u0171n\u0151en oldj\u00e1k meg amit v\u00e1llaltak, \u00e9s amit \u0151k akartak, erre a p\u00e1ly\u00e1zat v\u00e9gre lehet\u0151s\u00e9get ad. De ugyanakkor ez a napi munka mellett nagy terhet, t\u00f6bbletmunk\u00e1t is jelent. Nem mindig az a fontos, hogy ez\u00e9rt kapok e p\u00e9nzt vagy nem kapok, hanem hogy van e \u00e9rtelme, \u00fagy csin\u00e1lom e, meg \u00fagy tudok csin\u00e1lni dolgokat, amiket elv\u00e1rok magamt\u00f3l.&#8221;   Dr. Torda \u00c1gnes, szakpszichol\u00f3gus, projektmenedzser<\/p>\n<p> A p\u00e1ly\u00e1zatban a Liget \u00fati \u00e9s a tiszaf\u00f6ldv\u00e1ri EGYMI, tov\u00e1bb\u00e1 a megyei Pedag\u00f3giai Szakszolg\u00e1lat Sz\u00e9khelyint\u00e9zm\u00e9nyei vesznek r\u00e9szt. Az iskol\u00e1kat speci\u00e1lis eszk\u00f6z\u00f6kkel is fejlesztik. <\/p>\n<p>-Ezeket a gyerekeket ne otthonokban fejlessz\u00e9k, az ott l\u00e9v\u0151 nagyon gyakran mostoha k\u00f6r\u00fclm\u00e9nyek k\u00f6z\u00f6tt, hanem int\u00e9zm\u00e9nyi k\u00f6r\u00fclm\u00e9nyek k\u00f6z\u00f6tt. Ahol v\u00edz\u00e1ggyal, k\u00fcl\u00f6nb\u00f6z\u0151 \u00e9rz\u00e9kszerveket serkent\u0151 inger gazdag k\u00f6r\u00fclm\u00e9nyeket tudnak biztos\u00edtani.&#8221;  Szab\u00f3 Gy\u0151z\u0151n\u00e9, szakmai vezet\u0151 <\/p>\n<p>A szakszolg\u00e1latok eset\u00e9ben az a c\u00e9l, hogy mindenhol egyforma min\u0151s\u00e9g\u0171 szolg\u00e1ltat\u00e1st tudjanak ny\u00fajtani, \u00e9s \u00e1tadj\u00e1k egym\u00e1snak a j\u00f3 gyakorlatokat- tette hozz\u00e1 Szab\u00f3 Gy\u0151z\u0151n\u00e9.  2020-ig, a projekt z\u00e1r\u00e1s\u00e1ig a pedag\u00f3gusok \u00e9s pszichol\u00f3gusok k\u00e9pz\u00e9seken vesznek r\u00e9szt, \u00e9s szakmai anyagokat is k\u00e9sz\u00edtenek majd. <\/p>\n<div style=\"width: 640px;\" class=\"wp-video\"><!--[if lt IE 9]><script>document.createElement('video');<\/script><![endif]-->\n<video class=\"wp-video-shortcode\" id=\"video-9265-1\" width=\"640\" height=\"360\" preload=\"metadata\" controls=\"controls\"><source type=\"video\/mp4\" src=\"\/spots\/hir\/hir_180613_02.mp4?_=1\" \/><a href=\"\/spots\/hir\/hir_180613_02.mp4\">\/spots\/hir\/hir_180613_02.mp4<\/a><\/video><\/div>\n","protected":false},"excerpt":{"rendered":"<p>-Hinned kell, hogy a vil\u00e1g Teveled is \u00e9kes&#8221;. Ezt a c\u00edmet kapta a Szolnoki Tanker\u00fcleti K\u00f6zpont p\u00e1ly\u00e1zata. A 271 milli\u00f3s program janu\u00e1rban indult, abb\u00f3l a c\u00e9lb\u00f3l, hogy seg\u00edts\u00e9k a kiemelt figyelmet ig\u00e9nyl\u0151 \u00e9s halmozottan h\u00e1tr\u00e1nyos helyzet\u0171 gyermekeket foglalkoztat\u00f3 int\u00e9zm\u00e9nyeket. Az els\u0151 f\u00e9l\u00e9v lez\u00e1rult, a mai \u00e9rtekezleten az eddigi eredm\u00e9nyeket \u00e9s tanuls\u00e1gokat \u00e9rt\u00e9kelt\u00e9k az igazgat\u00f3t. -A [&hellip;]<\/p>\n","protected":false},"author":2,"featured_media":0,"comment_status":"closed","ping_status":"closed","sticky":false,"template":"","format":"standard","meta":[],"categories":[9],"tags":[],"_links":{"self":[{"href":"http:\/\/archiv.szolnoktv.hu\/index.php?rest_route=\/wp\/v2\/posts\/9265"}],"collection":[{"href":"http:\/\/archiv.szolnoktv.hu\/index.php?rest_route=\/wp\/v2\/posts"}],"about":[{"href":"http:\/\/archiv.szolnoktv.hu\/index.php?rest_route=\/wp\/v2\/types\/post"}],"author":[{"embeddable":true,"href":"http:\/\/archiv.szolnoktv.hu\/index.php?rest_route=\/wp\/v2\/users\/2"}],"replies":[{"embeddable":true,"href":"http:\/\/archiv.szolnoktv.hu\/index.php?rest_route=%2Fwp%2Fv2%2Fcomments&post=9265"}],"version-history":[{"count":1,"href":"http:\/\/archiv.szolnoktv.hu\/index.php?rest_route=\/wp\/v2\/posts\/9265\/revisions"}],"predecessor-version":[{"id":9310,"href":"http:\/\/archiv.szolnoktv.hu\/index.php?rest_route=\/wp\/v2\/posts\/9265\/revisions\/9310"}],"wp:attachment":[{"href":"http:\/\/archiv.szolnoktv.hu\/index.php?rest_route=%2Fwp%2Fv2%2Fmedia&parent=9265"}],"wp:term":[{"taxonomy":"category","embeddable":true,"href":"http:\/\/archiv.szolnoktv.hu\/index.php?rest_route=%2Fwp%2Fv2%2Fcategories&post=9265"},{"taxonomy":"post_tag","embeddable":true,"href":"http:\/\/archiv.szolnoktv.hu\/index.php?rest_route=%2Fwp%2Fv2%2Ftags&post=9265"}],"curies":[{"name":"wp","href":"https:\/\/api.w.org\/{rel}","templated":true}]}}