{"id":9264,"date":"2018-06-13T15:55:31","date_gmt":"2018-06-13T15:55:31","guid":{"rendered":"http:\/\/archiv.szolnoktv.hu\/?p=9264"},"modified":"2021-08-14T14:27:48","modified_gmt":"2021-08-14T14:27:48","slug":"eb-re-keszulnek-a-szervatultetettek","status":"publish","type":"post","link":"http:\/\/archiv.szolnoktv.hu\/?p=9264","title":{"rendered":"EB-re k\u00e9sz\u00fclnek a szerv\u00e1t\u00fcltetettek"},"content":{"rendered":"<div class='booster-block booster-read-block'><\/div><p> Utols\u00f3 edz\u00e9s\u00fck\u00f6n gur\u00edtanak a Szolnok megyei szerv\u00e1t\u00fcltetettek.  A tavalyi Vil\u00e1gbajnoks\u00e1gon sz\u00e9p eredm\u00e9nyeket el\u00e9rt sportol\u00f3k h\u00e9t v\u00e9g\u00e9n utaznak Olaszorsz\u00e1gba, ahol Eur\u00f3pa legjobbjaival versenyeznek. A 10. Transzplant\u00e1ltak \u00e9s Dializ\u00e1ltak Eur\u00f3pa Bajnoks\u00e1g\u00e1ra k\u00e9sz\u00fclnek. <\/p>\n<p>Luk\u00e1cs Edit  bowlingos: <\/p>\n<p>-&#8220;A megy\u00e9b\u0151l h\u00e1rom bowlingos egy atl\u00e9ta \u00e9s egy \u00fasz\u00f3 j\u00f6n. Az \u00fasz\u00f3 a Magyar szerv\u00e1t\u00fcltetettek sz\u00f6vets\u00e9g\u00e9nek eln\u00f6ke Berente Judit, az atl\u00e9t\u00e1nk K\u00f3rodi Istv\u00e1n, mi Szabin\u00e1val bowlingozunk \u00e9s a Czak\u00f3n\u00e9 Szab\u00f3 M\u00e1ris pedig dializ\u00e1lt \u00e9s \u0151 is bowlingos. &#8211;<\/p>\n<p> Edit 16 \u00e9ve \u00e9l, m\u00e1sodik \u00e1t\u00fcltetett ves\u00e9j\u00e9vel. K\u00e9tszeres vil\u00e1gbajnok, \u00e1m EB-n eddig csak bronz \u00e9s ez\u00fcst\u00e9rmet szerzett, \u00edgy most az aranyra k\u00e9sz\u00fcl. . Egy hetes edz\u0151t\u00e1bor van m\u00e1r a h\u00e1tuk m\u00f6g\u00f6tt, de minden alkalmat kihaszn\u00e1lnak Szolnokon  is az edz\u00e9sre. <br \/>Edit koroszt\u00e1ly\u00e1ban a finnek \u00e9s az olaszok a legnagyobb ellenfelek, m\u00edg Szabina legnagyobb riv\u00e1lisa egy rom\u00e1n l\u00e1ny. Szabina 2008 \u00f3ta vese \u00e9s m\u00e1j \u00e1t\u00fcltetett. <\/p>\n<p>Hasznos  Szabina bowlingos: <\/p>\n<p>-&#8220;Rem\u00e9lem, hogy id\u00e9n is a dobog\u00f3 valamelyik fok\u00e1n \u00e1llhatok, mivel tavaly is els\u0151 lettem vegyes p\u00e1rosban , p\u00e1rosban, \u00e9s egy\u00e9niben pedig m\u00e1sodik helyen v\u00e9geztem. &#8211;<\/p>\n<p>Szabina m\u00e1r goly\u00f3j\u00e1t is becsomagolta, mint ahogyan Edit is hamarosan b\u0151r\u00f6ndbe teszi kabala goly\u00f3j\u00e1t, mely saj\u00e1t nev\u00e9t viseli. <br \/> A sport \u00e9s az eg\u00e9szs\u00e9ges \u00e9letm\u00f3d a titka annak, hogy  \u00e1t\u00fcltetett szerveik min\u00e9l tov\u00e1bb m\u0171k\u00f6djenek. <\/p>\n<p>Szabina m\u00e1ja \u00e9s ves\u00e9je \u00e9ppen az Eb alatt lesz 10 \u00e9ves. Ezt meg is \u00fcnneplik majd Olaszorsz\u00e1gban. <\/p>\n<p>A sportol\u00f3k m\u00e1r t\u00fal vannak a k\u00f6telez\u0151 orvosi vizsg\u00e1latokon \u00e9s nagy izgalommal k\u00e9sz\u00fclnek a versenyre, no meg az utaz\u00e1sra, hiszen ez egy\u00fattal egy sz\u00e9p kir\u00e1ndul\u00e1s is lesz. 10 napot t\u00f6ltenek majd az olaszorsz\u00e1gi Eur\u00f3pa Bajnoks\u00e1gon, ahol legnagyobb ellenfel\u00fck az a 10 b\u00e1bu amit el kell tal\u00e1lniuk goly\u00f3ikkal.<br \/>\n<br \/>\n<div style=\"width: 640px;\" class=\"wp-video\"><!--[if lt IE 9]><script>document.createElement('video');<\/script><![endif]-->\n<video class=\"wp-video-shortcode\" id=\"video-9264-1\" width=\"640\" height=\"360\" preload=\"metadata\" controls=\"controls\"><source type=\"video\/mp4\" src=\"\/spots\/hir\/hir_180613_01.mp4?_=1\" \/><a href=\"\/spots\/hir\/hir_180613_01.mp4\">\/spots\/hir\/hir_180613_01.mp4<\/a><\/video><\/div><\/p>\n","protected":false},"excerpt":{"rendered":"<p>Utols\u00f3 edz\u00e9s\u00fck\u00f6n gur\u00edtanak a Szolnok megyei szerv\u00e1t\u00fcltetettek. A tavalyi Vil\u00e1gbajnoks\u00e1gon sz\u00e9p eredm\u00e9nyeket el\u00e9rt sportol\u00f3k h\u00e9t v\u00e9g\u00e9n utaznak Olaszorsz\u00e1gba, ahol Eur\u00f3pa legjobbjaival versenyeznek. A 10. Transzplant\u00e1ltak \u00e9s Dializ\u00e1ltak Eur\u00f3pa Bajnoks\u00e1g\u00e1ra k\u00e9sz\u00fclnek. Luk\u00e1cs Edit bowlingos: -&#8220;A megy\u00e9b\u0151l h\u00e1rom bowlingos egy atl\u00e9ta \u00e9s egy \u00fasz\u00f3 j\u00f6n. Az \u00fasz\u00f3 a Magyar szerv\u00e1t\u00fcltetettek sz\u00f6vets\u00e9g\u00e9nek eln\u00f6ke Berente Judit, az atl\u00e9t\u00e1nk K\u00f3rodi [&hellip;]<\/p>\n","protected":false},"author":2,"featured_media":0,"comment_status":"closed","ping_status":"closed","sticky":false,"template":"","format":"standard","meta":[],"categories":[9],"tags":[],"_links":{"self":[{"href":"http:\/\/archiv.szolnoktv.hu\/index.php?rest_route=\/wp\/v2\/posts\/9264"}],"collection":[{"href":"http:\/\/archiv.szolnoktv.hu\/index.php?rest_route=\/wp\/v2\/posts"}],"about":[{"href":"http:\/\/archiv.szolnoktv.hu\/index.php?rest_route=\/wp\/v2\/types\/post"}],"author":[{"embeddable":true,"href":"http:\/\/archiv.szolnoktv.hu\/index.php?rest_route=\/wp\/v2\/users\/2"}],"replies":[{"embeddable":true,"href":"http:\/\/archiv.szolnoktv.hu\/index.php?rest_route=%2Fwp%2Fv2%2Fcomments&post=9264"}],"version-history":[{"count":1,"href":"http:\/\/archiv.szolnoktv.hu\/index.php?rest_route=\/wp\/v2\/posts\/9264\/revisions"}],"predecessor-version":[{"id":9311,"href":"http:\/\/archiv.szolnoktv.hu\/index.php?rest_route=\/wp\/v2\/posts\/9264\/revisions\/9311"}],"wp:attachment":[{"href":"http:\/\/archiv.szolnoktv.hu\/index.php?rest_route=%2Fwp%2Fv2%2Fmedia&parent=9264"}],"wp:term":[{"taxonomy":"category","embeddable":true,"href":"http:\/\/archiv.szolnoktv.hu\/index.php?rest_route=%2Fwp%2Fv2%2Fcategories&post=9264"},{"taxonomy":"post_tag","embeddable":true,"href":"http:\/\/archiv.szolnoktv.hu\/index.php?rest_route=%2Fwp%2Fv2%2Ftags&post=9264"}],"curies":[{"name":"wp","href":"https:\/\/api.w.org\/{rel}","templated":true}]}}