{"id":9263,"date":"2018-06-12T17:45:16","date_gmt":"2018-06-12T17:45:16","guid":{"rendered":"http:\/\/archiv.szolnoktv.hu\/?p=9263"},"modified":"2021-08-14T14:27:49","modified_gmt":"2021-08-14T14:27:49","slug":"20-eves-a-szechenyi-nyugdijas-klub","status":"publish","type":"post","link":"http:\/\/archiv.szolnoktv.hu\/?p=9263","title":{"rendered":"20 \u00e9ves a Sz\u00e9chenyi Nyugd\u00edjas Klub"},"content":{"rendered":"<div class='booster-block booster-read-block'><\/div><p>A tagok \u00e9neke nyitotta meg a Sz\u00e9chenyi Nyugd\u00edjas Klub sz\u00fclet\u00e9snapi \u00fcnneps\u00e9g\u00e9t. Az egyes\u00fcletet 20 \u00e9vvel ezel\u0151tt a v\u00e1rosr\u00e9szben m\u0171k\u00f6d\u0151 Sport Egyes\u00fclet h\u00edvta \u00e9letre. Ma is vannak olyan, akik az alap\u00edt\u00e1s \u00f3ta tagok. Az egyes\u00fclet jelenleg 35 f\u0151vel m\u0171k\u00f6dik<\/p>\n<p>-\u00c9n szeretem nagyon \u00e9s ki is tartok. \u00c9n m\u00e1r 87-\u00f3ta klub tag vagyok csak Nagyk\u00f6r\u0171be \u00e9s ott klub vezet\u0151 voltam 98-ig. 2000-ben bek\u00f6lt\u00f6ztem Szolnokra \u00e9s itt az\u00f3ta vagyok klubtag.&#8221;- mondta Kom\u00e1di K\u00e1rolyn\u00e9. <\/p>\n<p>A nyugd\u00edjas klub c\u00e9lja a v\u00e1rosr\u00e9szben \u00e9l\u0151 id\u0151sek \u00f6sszefog\u00e1sa: kir\u00e1ndul\u00e1sok, \u00fcnneps\u00e9gek \u00e9s rendszeres tal\u00e1lkoz\u00f3k seg\u00edts\u00e9g\u00e9vel. Az egyes\u00fclet munk\u00e1j\u00e1nak k\u00f6sz\u00f6nhet\u0151en a tagok a mindennapokban is seg\u00edtik \u00e9s t\u00e1mogatj\u00e1k egym\u00e1st. <\/p>\n<p>-Nagyon seg\u00edtj\u00fck egym\u00e1s \u00e9let\u00e9t, odafigyel\u00fcnk egym\u00e1sra \u00e9s nem hagyjunk, hogy bez\u00e1rk\u00f3zzon valaki az\u00e9rt, mert \u00e9ppen valamilyen b\u00e1nata van, valami szomor\u00fas\u00e1g \u00e9rte. Az\u00e9rt a t\u00f6bbiek figyelnek \u00e9s seg\u00edt\u00fcnk neki, hogy kimozduljon a bez\u00e1rts\u00e1gb\u00f3l, kiz\u00f6kkenjen.&#8221;- mondta Sz\u0171cs Katalin a klub vezet\u0151je.<\/p>\n<p>A 20 \u00e9ve sz\u00fclet\u00e9snapi \u00fcnneps\u00e9gen a gener\u00e1ci\u00f3k is tal\u00e1lkoztak. A tagokat a Szent Gy\u00f6rgyi Albert \u00c1ltal\u00e1nos Iskola 6. oszt\u00e1lyosai verssel \u00e9s \u00e9nekkel k\u00f6sz\u00f6nt\u00f6tt\u00e9k. <\/p>\n<div style=\"width: 640px;\" class=\"wp-video\"><!--[if lt IE 9]><script>document.createElement('video');<\/script><![endif]-->\n<video class=\"wp-video-shortcode\" id=\"video-9263-1\" width=\"640\" height=\"360\" preload=\"metadata\" controls=\"controls\"><source type=\"video\/mp4\" src=\"\/spots\/hir\/hir_180612_06.mp4?_=1\" \/><a href=\"\/spots\/hir\/hir_180612_06.mp4\">\/spots\/hir\/hir_180612_06.mp4<\/a><\/video><\/div>\n","protected":false},"excerpt":{"rendered":"<p>A tagok \u00e9neke nyitotta meg a Sz\u00e9chenyi Nyugd\u00edjas Klub sz\u00fclet\u00e9snapi \u00fcnneps\u00e9g\u00e9t. Az egyes\u00fcletet 20 \u00e9vvel ezel\u0151tt a v\u00e1rosr\u00e9szben m\u0171k\u00f6d\u0151 Sport Egyes\u00fclet h\u00edvta \u00e9letre. Ma is vannak olyan, akik az alap\u00edt\u00e1s \u00f3ta tagok. Az egyes\u00fclet jelenleg 35 f\u0151vel m\u0171k\u00f6dik -\u00c9n szeretem nagyon \u00e9s ki is tartok. \u00c9n m\u00e1r 87-\u00f3ta klub tag vagyok csak Nagyk\u00f6r\u0171be \u00e9s ott [&hellip;]<\/p>\n","protected":false},"author":2,"featured_media":0,"comment_status":"closed","ping_status":"closed","sticky":false,"template":"","format":"standard","meta":[],"categories":[9],"tags":[],"_links":{"self":[{"href":"http:\/\/archiv.szolnoktv.hu\/index.php?rest_route=\/wp\/v2\/posts\/9263"}],"collection":[{"href":"http:\/\/archiv.szolnoktv.hu\/index.php?rest_route=\/wp\/v2\/posts"}],"about":[{"href":"http:\/\/archiv.szolnoktv.hu\/index.php?rest_route=\/wp\/v2\/types\/post"}],"author":[{"embeddable":true,"href":"http:\/\/archiv.szolnoktv.hu\/index.php?rest_route=\/wp\/v2\/users\/2"}],"replies":[{"embeddable":true,"href":"http:\/\/archiv.szolnoktv.hu\/index.php?rest_route=%2Fwp%2Fv2%2Fcomments&post=9263"}],"version-history":[{"count":1,"href":"http:\/\/archiv.szolnoktv.hu\/index.php?rest_route=\/wp\/v2\/posts\/9263\/revisions"}],"predecessor-version":[{"id":9312,"href":"http:\/\/archiv.szolnoktv.hu\/index.php?rest_route=\/wp\/v2\/posts\/9263\/revisions\/9312"}],"wp:attachment":[{"href":"http:\/\/archiv.szolnoktv.hu\/index.php?rest_route=%2Fwp%2Fv2%2Fmedia&parent=9263"}],"wp:term":[{"taxonomy":"category","embeddable":true,"href":"http:\/\/archiv.szolnoktv.hu\/index.php?rest_route=%2Fwp%2Fv2%2Fcategories&post=9263"},{"taxonomy":"post_tag","embeddable":true,"href":"http:\/\/archiv.szolnoktv.hu\/index.php?rest_route=%2Fwp%2Fv2%2Ftags&post=9263"}],"curies":[{"name":"wp","href":"https:\/\/api.w.org\/{rel}","templated":true}]}}