{"id":9262,"date":"2018-06-12T17:25:36","date_gmt":"2018-06-12T17:25:36","guid":{"rendered":"http:\/\/archiv.szolnoktv.hu\/?p=9262"},"modified":"2021-08-14T14:27:49","modified_gmt":"2021-08-14T14:27:49","slug":"vege-az-iskolanak-a-szegoben-elindult-a-pakolas","status":"publish","type":"post","link":"http:\/\/archiv.szolnoktv.hu\/?p=9262","title":{"rendered":"V\u00e9ge az iskol\u00e1nak a Szeg\u0151ben, elindult a pakol\u00e1s"},"content":{"rendered":"<div class='booster-block booster-read-block'><\/div><p>Az oszt\u00e1ly fele otthon maradt, a lelkesebb negyedikesek azonban seg\u00edtettek tan\u00e1raiknak. Kedvenc j\u00e1t\u00e9kaikat dobozolt\u00e1k. Holnapt\u00f3l m\u00e1r csak a pedag\u00f3gusokra \u00e9s seg\u00edt\u0151ikre v\u00e1r a feladat: ki kell \u00fcr\u00edteni\u00fck az Abonyi \u00e9s a Konstantin \u00fati iskol\u00e1t is.<\/p>\n<p>Az Abonyi \u00fatiban az als\u00f3sok oktat\u00e1sa zajlott. Van olyan di\u00e1k, aki megszerette az \u00faj iskol\u00e1t \u00e9s k\u00f6rnyezetet, de olyan is, aki visszav\u00e1gyik a Tisza part mellett fekv\u0151 120 \u00e9ves int\u00e9zm\u00e9nybe. <\/p>\n<p>A Szeg\u0151 G\u00e1bor \u00c1ltal\u00e1nos Iskola fel\u00faj\u00edt\u00e1sa m\u00e1sf\u00e9l \u00e9vvel ezel\u0151tt kezd\u0151d\u00f6tt. A teljes k\u00f6r\u0171 rekonstrukci\u00f3 ideje alatt t\u00f6bb sz\u00e1z gyermeknek kellett m\u00e1sik int\u00e9zm\u00e9nybe k\u00f6lt\u00f6znie a v\u00e1ros legr\u00e9gebbi iskol\u00e1j\u00e1b\u00f3l. \u00a0Nem volt egyszer\u0171 \u00e9v k\u00f6zben kik\u00f6lt\u00f6zni az \u00e9p\u00fcletb\u0151l, megoldani a k\u00e9t \u00faj fogad\u00f3hely alkalmass\u00e1 t\u00e9tel\u00e9t, elrendezni a t\u00e1volabbr\u00f3l \u00e9rkez\u0151k utaztat\u00e1s\u00e1t, de a sz\u00fcl\u0151k seg\u00edts\u00e9g\u00e9vel \u00e9s t\u00fcrelm\u00e9vel, a pedag\u00f3gusok hozz\u00e1\u00e1ll\u00e1s\u00e1val \u00e1thidalt\u00e1k a probl\u00e9m\u00e1kat.  &#8211;   mondta  Hortob\u00e1gyin\u00e9 Stejk\u00e1l \u00c9va, igazgat\u00f3helyettes. <\/p>\n<p>&#8211; Nagyon hossz\u00fa volt a m\u00e1sf\u00e9l \u00e9v, sokkal kevesebbre sz\u00e1m\u00edtottunk, de tulajdonk\u00e9ppen nagyon j\u00f3l \u00e9rezt\u00e9k magukat a gyerekek, a nagy t\u00e9r, az udvar, a sok z\u00f6ld. Viszont nagyon f\u00e1raszt\u00f3 volt, van olyan sz\u00fcl\u0151 aki k\u00e9tfel\u00e9 hozta a gyermeket. Koll\u00e9g\u00e1knak is neh\u00e9z volt kij\u00e1rni \u00e9s megviselt benn\u00fcnket ez a sok sok utaz\u00e1s. &#8211;<\/p>\n<p>A 2018\/2019 -es tan\u00e9vet m\u00e1r a meg\u00fajult \u00e9s megsz\u00e9p\u00fclt nagy m\u00falt\u00fa  Szeg\u0151 G\u00e1bor \u00c1ltal\u00e1nos Iskol\u00e1ban kezdik a di\u00e1kok. <\/p>\n<div style=\"width: 640px;\" class=\"wp-video\"><!--[if lt IE 9]><script>document.createElement('video');<\/script><![endif]-->\n<video class=\"wp-video-shortcode\" id=\"video-9262-1\" width=\"640\" height=\"360\" preload=\"metadata\" controls=\"controls\"><source type=\"video\/mp4\" src=\"\/spots\/hir\/hir_180612_05.mp4?_=1\" \/><a href=\"\/spots\/hir\/hir_180612_05.mp4\">\/spots\/hir\/hir_180612_05.mp4<\/a><\/video><\/div>\n","protected":false},"excerpt":{"rendered":"<p>Az oszt\u00e1ly fele otthon maradt, a lelkesebb negyedikesek azonban seg\u00edtettek tan\u00e1raiknak. Kedvenc j\u00e1t\u00e9kaikat dobozolt\u00e1k. Holnapt\u00f3l m\u00e1r csak a pedag\u00f3gusokra \u00e9s seg\u00edt\u0151ikre v\u00e1r a feladat: ki kell \u00fcr\u00edteni\u00fck az Abonyi \u00e9s a Konstantin \u00fati iskol\u00e1t is. Az Abonyi \u00fatiban az als\u00f3sok oktat\u00e1sa zajlott. Van olyan di\u00e1k, aki megszerette az \u00faj iskol\u00e1t \u00e9s k\u00f6rnyezetet, de olyan is, [&hellip;]<\/p>\n","protected":false},"author":2,"featured_media":0,"comment_status":"closed","ping_status":"closed","sticky":false,"template":"","format":"standard","meta":[],"categories":[9],"tags":[],"_links":{"self":[{"href":"http:\/\/archiv.szolnoktv.hu\/index.php?rest_route=\/wp\/v2\/posts\/9262"}],"collection":[{"href":"http:\/\/archiv.szolnoktv.hu\/index.php?rest_route=\/wp\/v2\/posts"}],"about":[{"href":"http:\/\/archiv.szolnoktv.hu\/index.php?rest_route=\/wp\/v2\/types\/post"}],"author":[{"embeddable":true,"href":"http:\/\/archiv.szolnoktv.hu\/index.php?rest_route=\/wp\/v2\/users\/2"}],"replies":[{"embeddable":true,"href":"http:\/\/archiv.szolnoktv.hu\/index.php?rest_route=%2Fwp%2Fv2%2Fcomments&post=9262"}],"version-history":[{"count":1,"href":"http:\/\/archiv.szolnoktv.hu\/index.php?rest_route=\/wp\/v2\/posts\/9262\/revisions"}],"predecessor-version":[{"id":9313,"href":"http:\/\/archiv.szolnoktv.hu\/index.php?rest_route=\/wp\/v2\/posts\/9262\/revisions\/9313"}],"wp:attachment":[{"href":"http:\/\/archiv.szolnoktv.hu\/index.php?rest_route=%2Fwp%2Fv2%2Fmedia&parent=9262"}],"wp:term":[{"taxonomy":"category","embeddable":true,"href":"http:\/\/archiv.szolnoktv.hu\/index.php?rest_route=%2Fwp%2Fv2%2Fcategories&post=9262"},{"taxonomy":"post_tag","embeddable":true,"href":"http:\/\/archiv.szolnoktv.hu\/index.php?rest_route=%2Fwp%2Fv2%2Ftags&post=9262"}],"curies":[{"name":"wp","href":"https:\/\/api.w.org\/{rel}","templated":true}]}}