{"id":9261,"date":"2018-06-12T16:33:53","date_gmt":"2018-06-12T16:33:53","guid":{"rendered":"http:\/\/archiv.szolnoktv.hu\/?p=9261"},"modified":"2021-08-14T14:27:49","modified_gmt":"2021-08-14T14:27:49","slug":"reutlingeni-zenekar-sajtotajekoztato","status":"publish","type":"post","link":"http:\/\/archiv.szolnoktv.hu\/?p=9261","title":{"rendered":"Reutlingeni zenekar sajt\u00f3t\u00e1j\u00e9koztat\u00f3"},"content":{"rendered":"<div class='booster-block booster-read-block'><\/div><p>A szolnoki hangverseny\u00e9vad nem \u00e9r v\u00e9get&#8230;- jelentette be a mai sajt\u00f3t\u00e1j\u00e9koztat\u00f3n a Szolnoki Szimfonikus Zenekar vezet\u0151s\u00e9ge. A n\u00e9metorsz\u00e1gi Reutlingen \u00e9s Szolnok k\u00f6z\u00f6tt 1990 \u00f3ta testv\u00e9rv\u00e1rosi kapcsolat \u00e1ll fenn.<\/p>\n<p>-Kor\u00e1bban a k\u00e9pz\u0151m\u0171v\u00e9szet ter\u00fclet\u00e9n meg a sport ter\u00fclet\u00e9n volt igaz\u00e1n gy\u00fcm\u00f6lcs\u00f6z\u0151 ez az egy\u00fcttm\u0171k\u00f6d\u00e9s \u00e9s most egy \u00faj elem: a zenem\u0171v\u00e9szet ter\u00fclet\u00e9n is elindul egy ilyen kapcsolat.&#8221;-mondta Szab\u00f3 Istv\u00e1n alpolg\u00e1rmester.<\/p>\n<p>Most vas\u00e1rnap az Aba-Nov\u00e1k Ag\u00f3ra Kultur\u00e1lis K\u00f6zpontban koncertezik a Reutlingeni Szimfonikus Zenekar. A program egy -a Benelux \u00e1llamok \u00e1ltal elind\u00edtott p\u00e1ly\u00e1zat- els\u0151 \u00e1llom\u00e1sa. Ez m\u00e9g ink\u00e1bb megnyitja Eur\u00f3pa kapuit a Szolnoki Szimfonikusok el\u0151tt. De nem csak emiatt r\u00e9szes\u00fcl a zenekar egyre nagyobb nemzetk\u00f6zi elismer\u00e9sben: egy magas sz\u00ednvonal\u00fa, 5 napos oktat\u00e1si projektet is megval\u00f3s\u00edt a ny\u00e1r folyam\u00e1n.<\/p>\n<p>-Ez olyan, mint egy mesterszak\u00e1cs iskola  &#8211;   mondhatjuk. Megvan az alapanyag, megvan az alapanyag, amit el\u0151 kell k\u00e9sz\u00edteni \u00e9s mindegyiknek megvan a lehet\u0151s\u00e9g, hogy saj\u00e1t \u00edzl\u00e9se \u00e9s hagyom\u00e1nya szerint csin\u00e1lja meg, de m\u00e9gis meglegyen a sz\u00ednvonal, j\u00f3 legyen az \u00edze, az \u00e1llaga \u00e9s lehet\u0151 legsz\u00e9lesebb k\u00f6rben fogadj\u00e1k el ezt a munk\u00e1t, ezt az \u00e9telt \u00fagymond. Ebben \u00e9n csak ir\u00e1nyad\u00f3 vagyok, seg\u00edts\u00e9g vagyok \u00e9s \u00edgy a zenekar is fejl\u0151dik, a fiatalok is fejl\u0151dnek \u00e9s a magyar kult\u00fara is gyarapodik m\u00e9g egy l\u00e1ncszemmel, egy elemmel.&#8221;-nyilatkozta Alpaslan Ert\u00fcngealp karmester, a Masterclass vezet\u0151je.<\/p>\n<p>A Masterclass \u00e1ltal a r\u00e9sztvev\u0151k akad\u00e9miai szint\u0171 k\u00e9pz\u00e9sben r\u00e9szes\u00fclnek. A kurzus egyed\u00fcl\u00e1ll\u00f3 lehet\u0151s\u00e9get biztos\u00edt azoknak a fiataloknak, akik karmester karrierj\u00fck elej\u00e9n tartanak. A st\u00fadium k\u00fcl\u00f6nlegess\u00e9ge annak helysz\u00edne is: a p\u00e1lyakezd\u0151 karmesterek Martf\u0171 v\u00e1ros fest\u0151i, z\u00f6ld k\u00f6rnyezet\u00e9ben tudnak majd elm\u00e9ly\u00fclni a m\u0171v\u00e9szeti munk\u00e1ban. A mesterkurzust z\u00e1r\u00f3 g\u00e1lakoncertnek j\u00fanius 25-\u00e9n, este 7 \u00f3r\u00e1t\u00f3l a budapesti MOM Kultur\u00e1lis K\u00f6zpont ad helyet.<\/p>\n<div style=\"width: 640px;\" class=\"wp-video\"><!--[if lt IE 9]><script>document.createElement('video');<\/script><![endif]-->\n<video class=\"wp-video-shortcode\" id=\"video-9261-1\" width=\"640\" height=\"360\" preload=\"metadata\" controls=\"controls\"><source type=\"video\/mp4\" src=\"\/spots\/hir\/hir_180612_04.mp4?_=1\" \/><a href=\"\/spots\/hir\/hir_180612_04.mp4\">\/spots\/hir\/hir_180612_04.mp4<\/a><\/video><\/div>\n","protected":false},"excerpt":{"rendered":"<p>A szolnoki hangverseny\u00e9vad nem \u00e9r v\u00e9get&#8230;- jelentette be a mai sajt\u00f3t\u00e1j\u00e9koztat\u00f3n a Szolnoki Szimfonikus Zenekar vezet\u0151s\u00e9ge. A n\u00e9metorsz\u00e1gi Reutlingen \u00e9s Szolnok k\u00f6z\u00f6tt 1990 \u00f3ta testv\u00e9rv\u00e1rosi kapcsolat \u00e1ll fenn. -Kor\u00e1bban a k\u00e9pz\u0151m\u0171v\u00e9szet ter\u00fclet\u00e9n meg a sport ter\u00fclet\u00e9n volt igaz\u00e1n gy\u00fcm\u00f6lcs\u00f6z\u0151 ez az egy\u00fcttm\u0171k\u00f6d\u00e9s \u00e9s most egy \u00faj elem: a zenem\u0171v\u00e9szet ter\u00fclet\u00e9n is elindul egy ilyen kapcsolat.&#8221;-mondta [&hellip;]<\/p>\n","protected":false},"author":2,"featured_media":0,"comment_status":"closed","ping_status":"closed","sticky":false,"template":"","format":"standard","meta":[],"categories":[9],"tags":[],"_links":{"self":[{"href":"http:\/\/archiv.szolnoktv.hu\/index.php?rest_route=\/wp\/v2\/posts\/9261"}],"collection":[{"href":"http:\/\/archiv.szolnoktv.hu\/index.php?rest_route=\/wp\/v2\/posts"}],"about":[{"href":"http:\/\/archiv.szolnoktv.hu\/index.php?rest_route=\/wp\/v2\/types\/post"}],"author":[{"embeddable":true,"href":"http:\/\/archiv.szolnoktv.hu\/index.php?rest_route=\/wp\/v2\/users\/2"}],"replies":[{"embeddable":true,"href":"http:\/\/archiv.szolnoktv.hu\/index.php?rest_route=%2Fwp%2Fv2%2Fcomments&post=9261"}],"version-history":[{"count":1,"href":"http:\/\/archiv.szolnoktv.hu\/index.php?rest_route=\/wp\/v2\/posts\/9261\/revisions"}],"predecessor-version":[{"id":9314,"href":"http:\/\/archiv.szolnoktv.hu\/index.php?rest_route=\/wp\/v2\/posts\/9261\/revisions\/9314"}],"wp:attachment":[{"href":"http:\/\/archiv.szolnoktv.hu\/index.php?rest_route=%2Fwp%2Fv2%2Fmedia&parent=9261"}],"wp:term":[{"taxonomy":"category","embeddable":true,"href":"http:\/\/archiv.szolnoktv.hu\/index.php?rest_route=%2Fwp%2Fv2%2Fcategories&post=9261"},{"taxonomy":"post_tag","embeddable":true,"href":"http:\/\/archiv.szolnoktv.hu\/index.php?rest_route=%2Fwp%2Fv2%2Ftags&post=9261"}],"curies":[{"name":"wp","href":"https:\/\/api.w.org\/{rel}","templated":true}]}}