{"id":9259,"date":"2018-06-12T15:37:27","date_gmt":"2018-06-12T15:37:27","guid":{"rendered":"http:\/\/archiv.szolnoktv.hu\/?p=9259"},"modified":"2021-08-14T14:27:49","modified_gmt":"2021-08-14T14:27:49","slug":"csutortokon-startol-a-latohatar","status":"publish","type":"post","link":"http:\/\/archiv.szolnoktv.hu\/?p=9259","title":{"rendered":"Cs\u00fct\u00f6rt\u00f6k\u00f6n startol a L\u00e1t\u00f3hat\u00e1r"},"content":{"rendered":"<div class='booster-block booster-read-block'><\/div><p>Terveink szerint havonta csend\u00fcl majd fel a L\u00e1t\u00f3hat\u00e1r f\u0151c\u00edmzen\u00e9je, hogy k\u00e9perny\u0151k el\u00e9 csalja a mez\u0151gazdas\u00e1g, az agr\u00e1rium helyi vonatkoz\u00e1s\u00fa h\u00edrei ir\u00e1nt \u00e9rdekl\u0151d\u0151 n\u00e9z\u0151ket. A szerkeszt\u0151- m\u0171sorvezet\u0151 Nagy Abonyi Erna az utols\u00f3 sim\u00edt\u00e1sokat v\u00e9gzi a magazin nyit\u00f3anyag\u00e1n, mely a k\u00f6rny\u00e9k nemr\u00e9g oltalom al\u00e1 ker\u00fclt gy\u00fcm\u00f6lcse- a nagyk\u00f6r\u00fci cseresznye szezonja kapcs\u00e1n j\u00e1rja k\u00f6r\u00fcl az \u00e1gazat aktu\u00e1lis k\u00e9rd\u00e9seit&#8230; Az eddig jobb\u00e1ra csak h\u00edrmagazinunkban helyet kapott agr\u00e1rh\u00edrek r\u00e9szletesebb feldolgoz\u00e1s\u00e1val nem csup\u00e1n a mez\u0151gazdas\u00e1gb\u00f3l \u00e9l\u0151kh\u00f6z szeretn\u00e9nk k\u00f6zelebb ker\u00fclni.<\/p>\n<p>&#8220;Akinek m\u00e9g sz\u00e1nn\u00e1m \u00e9s nagyon \u00f6r\u00fcln\u00e9k ha egyre t\u00f6bben \u00edgy gondoln\u00e1k- azok a v\u00e1rosi emberek, azok akik nem gazd\u00e1lkodnak, viszont r\u00e9szes\u00fclnek a mez\u0151gazdas\u00e1g \u00e1ld\u00e1saib\u00f3l, hiszen mindannyian j\u00e1runk piacra \u00e9s v\u00e1s\u00e1rolunk \u00e9s f\u0151z\u00fcnk \u00e9s eb\u00e9del\u00fcnk \u00e9s reggeliz\u00fcnk, hogy tudjuk azt, hogy honnan j\u00f6n, milyen \u00f3ri\u00e1si munka van m\u00f6g\u00f6tte, milyen hatalmas er\u0151fesz\u00edt\u00e9sek vannak am\u00f6g\u00f6tt, hogy minden reggel kenyeret tudjunk venni ami most itt nagyon k\u00f6zhelyszer\u0171en hangzik de ez \u00edgy van- mennyire sok mindenre kell figyelnie egy modern gazd\u00e1nak.&#8221;<\/p>\n<p>A cs\u00fct\u00f6rt\u00f6k\u00f6n 18:00 \u00f3r\u00e1t\u00f3l m\u0171sorra t\u0171z\u00f6tt els\u0151 ad\u00e1sban az eml\u00edtett cseresznyek\u00f6rk\u00e9p mellett a gy\u00fcm\u00f6lcs\u00f6s\u00f6kben elv\u00e9gzend\u0151 aktu\u00e1lis n\u00f6v\u00e9nyv\u00e9delmi teend\u0151k \u00e9s egy a dr\u00f3nok mez\u0151gazdas\u00e1gi felhaszn\u00e1l\u00e1s\u00e1t bemutat\u00f3 \u00f6ssze\u00e1ll\u00edt\u00e1s is helyet kap majd. \u00daj magazinunk szakmai partnere az agr\u00e1rkamara.<\/p>\n<div style=\"width: 640px;\" class=\"wp-video\"><!--[if lt IE 9]><script>document.createElement('video');<\/script><![endif]-->\n<video class=\"wp-video-shortcode\" id=\"video-9259-1\" width=\"640\" height=\"360\" preload=\"metadata\" controls=\"controls\"><source type=\"video\/mp4\" src=\"\/spots\/hir\/hir_180612_02.mp4?_=1\" \/><a href=\"\/spots\/hir\/hir_180612_02.mp4\">\/spots\/hir\/hir_180612_02.mp4<\/a><\/video><\/div>\n","protected":false},"excerpt":{"rendered":"<p>Terveink szerint havonta csend\u00fcl majd fel a L\u00e1t\u00f3hat\u00e1r f\u0151c\u00edmzen\u00e9je, hogy k\u00e9perny\u0151k el\u00e9 csalja a mez\u0151gazdas\u00e1g, az agr\u00e1rium helyi vonatkoz\u00e1s\u00fa h\u00edrei ir\u00e1nt \u00e9rdekl\u0151d\u0151 n\u00e9z\u0151ket. A szerkeszt\u0151- m\u0171sorvezet\u0151 Nagy Abonyi Erna az utols\u00f3 sim\u00edt\u00e1sokat v\u00e9gzi a magazin nyit\u00f3anyag\u00e1n, mely a k\u00f6rny\u00e9k nemr\u00e9g oltalom al\u00e1 ker\u00fclt gy\u00fcm\u00f6lcse- a nagyk\u00f6r\u00fci cseresznye szezonja kapcs\u00e1n j\u00e1rja k\u00f6r\u00fcl az \u00e1gazat aktu\u00e1lis k\u00e9rd\u00e9seit&#8230; [&hellip;]<\/p>\n","protected":false},"author":2,"featured_media":0,"comment_status":"closed","ping_status":"closed","sticky":false,"template":"","format":"standard","meta":[],"categories":[9],"tags":[],"_links":{"self":[{"href":"http:\/\/archiv.szolnoktv.hu\/index.php?rest_route=\/wp\/v2\/posts\/9259"}],"collection":[{"href":"http:\/\/archiv.szolnoktv.hu\/index.php?rest_route=\/wp\/v2\/posts"}],"about":[{"href":"http:\/\/archiv.szolnoktv.hu\/index.php?rest_route=\/wp\/v2\/types\/post"}],"author":[{"embeddable":true,"href":"http:\/\/archiv.szolnoktv.hu\/index.php?rest_route=\/wp\/v2\/users\/2"}],"replies":[{"embeddable":true,"href":"http:\/\/archiv.szolnoktv.hu\/index.php?rest_route=%2Fwp%2Fv2%2Fcomments&post=9259"}],"version-history":[{"count":1,"href":"http:\/\/archiv.szolnoktv.hu\/index.php?rest_route=\/wp\/v2\/posts\/9259\/revisions"}],"predecessor-version":[{"id":9316,"href":"http:\/\/archiv.szolnoktv.hu\/index.php?rest_route=\/wp\/v2\/posts\/9259\/revisions\/9316"}],"wp:attachment":[{"href":"http:\/\/archiv.szolnoktv.hu\/index.php?rest_route=%2Fwp%2Fv2%2Fmedia&parent=9259"}],"wp:term":[{"taxonomy":"category","embeddable":true,"href":"http:\/\/archiv.szolnoktv.hu\/index.php?rest_route=%2Fwp%2Fv2%2Fcategories&post=9259"},{"taxonomy":"post_tag","embeddable":true,"href":"http:\/\/archiv.szolnoktv.hu\/index.php?rest_route=%2Fwp%2Fv2%2Ftags&post=9259"}],"curies":[{"name":"wp","href":"https:\/\/api.w.org\/{rel}","templated":true}]}}