{"id":9258,"date":"2018-06-12T14:08:10","date_gmt":"2018-06-12T14:08:10","guid":{"rendered":"http:\/\/archiv.szolnoktv.hu\/?p=9258"},"modified":"2021-08-14T14:27:50","modified_gmt":"2021-08-14T14:27:50","slug":"vasarnap-autos-ugyessegi-verseny-a-lengyel-piacon","status":"publish","type":"post","link":"http:\/\/archiv.szolnoktv.hu\/?p=9258","title":{"rendered":"Vas\u00e1rnap aut\u00f3s \u00fcgyess\u00e9gi verseny a lengyel piacon"},"content":{"rendered":"<div class='booster-block booster-read-block'><\/div><p>Ezeken a 2016-os felv\u00e9teleken is \u00e9rezhet\u0151, ahogy a vizes p\u00e1ly\u00e1n szinte keresztbe cs\u00faszik az aut\u00f3 fara. Az ehhez hasonl\u00f3 \u00e9lm\u00e9nyt b\u00e1rki megtapasztalhatja, hiszen 2016 \u00e9s 2017 ut\u00e1n ism\u00e9t a szolnoki lengyel piacon rendezik a Zilahi Autoglas Kup\u00e1t. A <\/p>\n<p>-Versenyaut\u00f3val lesznek \u00e9lm\u00e9nyaut\u00f3z\u00e1sok, amelyekre be lehet majd nevezni \u00e9s akkor k\u00fcl\u00f6nb\u00f6z\u0151 profi sof\u0151r\u00f6kkel, k\u00fcl\u00f6nb\u00f6z\u0151 aut\u00f3kkal visz\u00fcnk egy-egy k\u00f6rt.&#8221;  &#8211;   mondta Hagy\u00f3 L\u00e1szl\u00f3, szervez\u0151  <\/p>\n<p>Emellett lesz rep\u00fcl\u0151g\u00e9p-, kamion-, motor-, \u00e9s versenyaut\u00f3 szimul\u00e1tor is, ahol a k\u00f6z\u00f6ns\u00e9g virtu\u00e1lis k\u00f6r\u00fclm\u00e9nyek k\u00f6z\u00f6tt is pr\u00f3b\u00e1ra teheti vezet\u00e9si tud\u00e1s\u00e1t. A szimul\u00e1torok mellett gyermekmotorosok tartanak majd bemutat\u00f3t, illetve a rend\u0151rs\u00e9g a nap folyam\u00e1n t\u00f6bb alkalommal tart majd balesetmegel\u0151z\u00e9si oktat\u00e1st az \u00e9rdekl\u0151d\u0151knek. <\/p>\n<p>Koszty\u00f3 G\u00e1bor r. alezredes, k\u00f6zleked\u00e9srend\u00e9szeti oszt\u00e1lyvezet\u0151 \u00fagy fogalmazott &#8211; -K\u00fcl\u00f6nb\u00f6z\u0151 KRESZ elm\u00e9leti \u00e9s gyakorlati feladatokat fognak adni az \u00e9rdekl\u0151d\u0151knek, b\u00edzunk benne, hogy akik ezen a rendezv\u00e9nyen megjelennek, ut\u00e1na a h\u00e9tk\u00f6znapi k\u00f6zleked\u00e9sben is sokkal biztons\u00e1gosabban fognak tudni k\u00f6zlekedni.    <\/p>\n<p>A versenyz\u0151knek k\u00e9t k\u00f6rt kell teljes\u00edteni\u00fck a m\u00e1r elk\u00e9sz\u00fclt p\u00e1ly\u00e1n, amely vonalvezet\u00e9se a profik sz\u00e1m\u00e1ra is kih\u00edv\u00e1st jelent.   <\/p>\n<p>-Egy olyan biztons\u00e1gos p\u00e1ly\u00e1t tudtunk kialak\u00edtani, hogy itt a n\u00e9z\u0151k el vannak z\u00e1rva a versenyp\u00e1ly\u00e1t\u00f3l. A n\u00e9z\u0151knek a versenyen \u00fagy oldottuk meg, hogy kamion p\u00f3tkocsikat tesz\u00fcnk a ker\u00edt\u00e9sen k\u00edv\u00fclre egy biztons\u00e1gos f\u00f6lj\u00e1r\u00f3val \u00e9s onnan tudj\u00e1k n\u00e9zni a versenyt.&#8221;  &#8211;   emelte ki Zilahi S\u00e1ndor, szervez\u0151 <\/p>\n<p>A futamokat t\u00f6bb kateg\u00f3ri\u00e1ban rendezik, a t\u00f6bbi k\u00f6z\u00f6tt sz\u00e9ria-, \u00e9s \u00e9p\u00edtett aut\u00f3k indulnak, valamint a h\u00f6lgyek teljes\u00edtm\u00e9ny\u00e9t is k\u00fcl\u00f6n csoportban \u00e9rt\u00e9kelik. A verseny ny\u00edlt nevez\u00e9s\u0171, melynek hat\u00e1rideje j\u00fanius 14 cs\u00fct\u00f6rt\u00f6k 16 \u00f3ra. <\/p>\n<p>Szab\u00f3 Istv\u00e1n, alpolg\u00e1rmester r\u00e1mutatott &#8211; -Ez az \u00fcgyess\u00e9gi verseny nyilv\u00e1n arra buzd\u00edt mindenkit, hogy pr\u00f3b\u00e1lja ki mag\u00e1t, ne az orsz\u00e1g\u00faton, hanem ezen a p\u00e1ly\u00e1n. Ez sokkal biztons\u00e1gosabb.&#8221;    <\/p>\n<p>A futamokat most vas\u00e1rnap 9 \u00e9s 16 \u00f3ra k\u00f6z\u00f6tt rendezik a szolnoki lengyel piacon. <\/p>\n<div style=\"width: 640px;\" class=\"wp-video\"><!--[if lt IE 9]><script>document.createElement('video');<\/script><![endif]-->\n<video class=\"wp-video-shortcode\" id=\"video-9258-1\" width=\"640\" height=\"360\" preload=\"metadata\" controls=\"controls\"><source type=\"video\/mp4\" src=\"\/spots\/hir\/hir_180612_01.mp4?_=1\" \/><a href=\"\/spots\/hir\/hir_180612_01.mp4\">\/spots\/hir\/hir_180612_01.mp4<\/a><\/video><\/div>\n","protected":false},"excerpt":{"rendered":"<p>Ezeken a 2016-os felv\u00e9teleken is \u00e9rezhet\u0151, ahogy a vizes p\u00e1ly\u00e1n szinte keresztbe cs\u00faszik az aut\u00f3 fara. Az ehhez hasonl\u00f3 \u00e9lm\u00e9nyt b\u00e1rki megtapasztalhatja, hiszen 2016 \u00e9s 2017 ut\u00e1n ism\u00e9t a szolnoki lengyel piacon rendezik a Zilahi Autoglas Kup\u00e1t. A -Versenyaut\u00f3val lesznek \u00e9lm\u00e9nyaut\u00f3z\u00e1sok, amelyekre be lehet majd nevezni \u00e9s akkor k\u00fcl\u00f6nb\u00f6z\u0151 profi sof\u0151r\u00f6kkel, k\u00fcl\u00f6nb\u00f6z\u0151 aut\u00f3kkal visz\u00fcnk egy-egy [&hellip;]<\/p>\n","protected":false},"author":2,"featured_media":0,"comment_status":"closed","ping_status":"closed","sticky":false,"template":"","format":"standard","meta":[],"categories":[9],"tags":[],"_links":{"self":[{"href":"http:\/\/archiv.szolnoktv.hu\/index.php?rest_route=\/wp\/v2\/posts\/9258"}],"collection":[{"href":"http:\/\/archiv.szolnoktv.hu\/index.php?rest_route=\/wp\/v2\/posts"}],"about":[{"href":"http:\/\/archiv.szolnoktv.hu\/index.php?rest_route=\/wp\/v2\/types\/post"}],"author":[{"embeddable":true,"href":"http:\/\/archiv.szolnoktv.hu\/index.php?rest_route=\/wp\/v2\/users\/2"}],"replies":[{"embeddable":true,"href":"http:\/\/archiv.szolnoktv.hu\/index.php?rest_route=%2Fwp%2Fv2%2Fcomments&post=9258"}],"version-history":[{"count":1,"href":"http:\/\/archiv.szolnoktv.hu\/index.php?rest_route=\/wp\/v2\/posts\/9258\/revisions"}],"predecessor-version":[{"id":9317,"href":"http:\/\/archiv.szolnoktv.hu\/index.php?rest_route=\/wp\/v2\/posts\/9258\/revisions\/9317"}],"wp:attachment":[{"href":"http:\/\/archiv.szolnoktv.hu\/index.php?rest_route=%2Fwp%2Fv2%2Fmedia&parent=9258"}],"wp:term":[{"taxonomy":"category","embeddable":true,"href":"http:\/\/archiv.szolnoktv.hu\/index.php?rest_route=%2Fwp%2Fv2%2Fcategories&post=9258"},{"taxonomy":"post_tag","embeddable":true,"href":"http:\/\/archiv.szolnoktv.hu\/index.php?rest_route=%2Fwp%2Fv2%2Ftags&post=9258"}],"curies":[{"name":"wp","href":"https:\/\/api.w.org\/{rel}","templated":true}]}}