{"id":9257,"date":"2018-06-11T17:45:31","date_gmt":"2018-06-11T17:45:31","guid":{"rendered":"http:\/\/archiv.szolnoktv.hu\/?p=9257"},"modified":"2021-08-14T14:27:50","modified_gmt":"2021-08-14T14:27:50","slug":"tanulmanyi-versenyeken-resztvevok-koszontese","status":"publish","type":"post","link":"http:\/\/archiv.szolnoktv.hu\/?p=9257","title":{"rendered":"Tanulm\u00e1nyi versenyeken r\u00e9sztvev\u0151k k\u00f6sz\u00f6nt\u00e9se"},"content":{"rendered":"<div class='booster-block booster-read-block'><\/div><p>-Tessenek sokat tanulni, komoly diplom\u00e1kat szerezni, komoly szakm\u00e1kat szerezni.&#8221;  <br \/>Ezekkel a gondolatokkal k\u00f6sz\u00f6nt\u00f6tte a v\u00e1ros els\u0151 embere: Szalay Ferenc a legjobbakat. A hagyom\u00e1nyokhoz h\u0171en id\u00e9n is k\u00fcl\u00f6n elismer\u00e9sben r\u00e9szes\u00fcltek azon a tanul\u00f3k \u00e9s tan\u00e1raik, akik orsz\u00e1gos tanulm\u00e1nyi versenyeken vitt\u00e9k Szolnok v\u00e1ros h\u00edr\u00e9t. Lengyel Ren\u00e1ta a m\u0171v\u00e9szett\u00f6rt\u00e9neti OKT-n indult, ahol a 13. helyen v\u00e9gzett.<\/p>\n<p>-A m\u0171v\u00e9szett\u00f6rt\u00e9neti OKT-n indultam. A m\u00e1sodik fordul\u00f3ban V\u00edgh Tam\u00e1s V\u00e1rosalap\u00edt\u00f3 szobr\u00e1t kellett elemeznem, a d\u00f6nt\u0151ben pedig a g\u00f3tika \u00e9s a romantika volt a t\u00e9ma \u00e9s ez alapj\u00e1n kellett egy sz\u00f3beli megm\u00e9rettet\u00e9sen r\u00e9szt vennem.&#8221;<br \/>K\u00f6zleked\u00e9si g\u00e9p\u00e9sz, \u00e1cs, programoz\u00f3, koreogr\u00e1fus \u00e9s m\u00e9g sorolhatn\u00e1nk azokat a szak\u00e1gakat, melyeket a tehets\u00e9ges szolnoki fiatalok hivat\u00e1suknak v\u00e1lasztanak. Mukus Benj\u00e1min egy orsz\u00e1gos t\u00e1ncm\u0171v\u00e9szeti versenyen szerepelt kiv\u00e1l\u00f3an.<\/p>\n<p>-J\u00f6ttek Debrecenb\u0151l, B\u00e9csb\u0151l, Egerb\u0151l, meg k\u00fcl\u00f6nb\u00f6z\u0151 helyekr\u0151l. H\u00e1t, ugye k\u00fcl\u00f6nd\u00edjas lettem, a csapatt\u00e1rsaimmal egy\u00fctt ugyan \u00fagy k\u00fcl\u00f6n d\u00edjasok lett\u00fcnk, h\u00e1t sz\u00e1momra ez t\u00e9nyleg hatalmas \u00e9lm\u00e9ny.&#8221;<\/p>\n<p>A m\u0171v\u00e9szeti iskol\u00e1kban m\u00e1r tervekkel, \u00e9letc\u00e9lokkal \u00e9rkeznek a gyerekek. Arra pedig, hogy megm\u00e9rettess\u00e9k magukat, nem kell k\u00e9rni \u0151ket  &#8211;   mondta T\u00f3thn\u00e9 P\u00e1ncsics Edina az Magiszter Iskola m\u0171v\u00e9szeti vezet\u0151je.<\/p>\n<p>-Szerintem nem kell motiv\u00e1lni a gyerekeket. A gyerekek motiv\u00e1ltan \u00e9rkeznek egy iskol\u00e1ba. Elk\u00e9pzel\u00e9seik vannak, sz\u00e1nd\u00e9kuk van a tov\u00e1bbtanul\u00e1sra, a megm\u00e9rettet\u00e9sre, ezeket szinte \u00e9szre sem veszik \u00e9s m\u00e1r ott van a nev\u00fck k\u00fcl\u00f6nben a jelentkez\u00e9si lapokon, \u00fagy hogy, mag\u00e1t\u00f3l megy a dolog.&#8221;<\/p>\n<p>Kov\u00e1cs Judit a pinc\u00e9r szakm\u00e1ban tal\u00e1lta meg azt, amit egy \u00e9leten \u00e1t szeretne v\u00e9gezni. \u00d5t kort\u00e1rsai \u00e9s tan\u00e1rai is \u00f6szt\u00f6n\u00f6zt\u00e9k arra, hogy induljon szakmai versenyeken.<br \/>-A gyakorlati helyemen egy-k\u00e9t tanul\u00f3, valamint a szint\u00e9n a szakmai tan\u00e1romat tudom felhozni p\u00e9ldak\u00e9nt- nagyon feln\u00e9zek r\u00e1, valamint ezekre a nagy emberekre is,.\u00c9s ezek a versenyek is igen motiv\u00e1l\u00f3ak: amit \u00e1t\u00e9l\u00fcnk ott, valamint az eredm\u00e9nyek is.&#8221;<\/p>\n<p>A v\u00e1ros oktat\u00e1si int\u00e9zm\u00e9nyeinek 13 ezer tanul\u00f3ja rem\u00e9lhet\u0151leg  &#8211;   a k\u00e9s\u0151bbiekben is hasonl\u00f3 eredm\u00e9nyeket \u00e9r el tanulm\u00e1nyok tekintet\u00e9ben. Hangs\u00falyozta Szalay Ferenc polg\u00e1rmester.<\/p>\n<div style=\"width: 640px;\" class=\"wp-video\"><!--[if lt IE 9]><script>document.createElement('video');<\/script><![endif]-->\n<video class=\"wp-video-shortcode\" id=\"video-9257-1\" width=\"640\" height=\"360\" preload=\"metadata\" controls=\"controls\"><source type=\"video\/mp4\" src=\"\/spots\/hir\/hir_180611_08.mp4?_=1\" \/><a href=\"\/spots\/hir\/hir_180611_08.mp4\">\/spots\/hir\/hir_180611_08.mp4<\/a><\/video><\/div>\n","protected":false},"excerpt":{"rendered":"<p>-Tessenek sokat tanulni, komoly diplom\u00e1kat szerezni, komoly szakm\u00e1kat szerezni.&#8221; Ezekkel a gondolatokkal k\u00f6sz\u00f6nt\u00f6tte a v\u00e1ros els\u0151 embere: Szalay Ferenc a legjobbakat. A hagyom\u00e1nyokhoz h\u0171en id\u00e9n is k\u00fcl\u00f6n elismer\u00e9sben r\u00e9szes\u00fcltek azon a tanul\u00f3k \u00e9s tan\u00e1raik, akik orsz\u00e1gos tanulm\u00e1nyi versenyeken vitt\u00e9k Szolnok v\u00e1ros h\u00edr\u00e9t. Lengyel Ren\u00e1ta a m\u0171v\u00e9szett\u00f6rt\u00e9neti OKT-n indult, ahol a 13. helyen v\u00e9gzett. -A m\u0171v\u00e9szett\u00f6rt\u00e9neti [&hellip;]<\/p>\n","protected":false},"author":2,"featured_media":0,"comment_status":"closed","ping_status":"closed","sticky":false,"template":"","format":"standard","meta":[],"categories":[9],"tags":[],"_links":{"self":[{"href":"http:\/\/archiv.szolnoktv.hu\/index.php?rest_route=\/wp\/v2\/posts\/9257"}],"collection":[{"href":"http:\/\/archiv.szolnoktv.hu\/index.php?rest_route=\/wp\/v2\/posts"}],"about":[{"href":"http:\/\/archiv.szolnoktv.hu\/index.php?rest_route=\/wp\/v2\/types\/post"}],"author":[{"embeddable":true,"href":"http:\/\/archiv.szolnoktv.hu\/index.php?rest_route=\/wp\/v2\/users\/2"}],"replies":[{"embeddable":true,"href":"http:\/\/archiv.szolnoktv.hu\/index.php?rest_route=%2Fwp%2Fv2%2Fcomments&post=9257"}],"version-history":[{"count":1,"href":"http:\/\/archiv.szolnoktv.hu\/index.php?rest_route=\/wp\/v2\/posts\/9257\/revisions"}],"predecessor-version":[{"id":9318,"href":"http:\/\/archiv.szolnoktv.hu\/index.php?rest_route=\/wp\/v2\/posts\/9257\/revisions\/9318"}],"wp:attachment":[{"href":"http:\/\/archiv.szolnoktv.hu\/index.php?rest_route=%2Fwp%2Fv2%2Fmedia&parent=9257"}],"wp:term":[{"taxonomy":"category","embeddable":true,"href":"http:\/\/archiv.szolnoktv.hu\/index.php?rest_route=%2Fwp%2Fv2%2Fcategories&post=9257"},{"taxonomy":"post_tag","embeddable":true,"href":"http:\/\/archiv.szolnoktv.hu\/index.php?rest_route=%2Fwp%2Fv2%2Ftags&post=9257"}],"curies":[{"name":"wp","href":"https:\/\/api.w.org\/{rel}","templated":true}]}}