{"id":9256,"date":"2018-06-11T16:39:22","date_gmt":"2018-06-11T16:39:22","guid":{"rendered":"http:\/\/archiv.szolnoktv.hu\/?p=9256"},"modified":"2021-08-14T14:27:50","modified_gmt":"2021-08-14T14:27:50","slug":"cegledi-vagta","status":"publish","type":"post","link":"http:\/\/archiv.szolnoktv.hu\/?p=9256","title":{"rendered":"Cegl\u00e9di v\u00e1gta"},"content":{"rendered":"<div class='booster-block booster-read-block'><\/div><p>L\u00f3patkol\u00e1s, p\u00e1lyameg\u00faj\u00edt\u00e1s \u00e9s a versenyz\u0151k bej\u00e1r\u00e1sa el\u0151zte meg a Nemzeti V\u00e1gta cegl\u00e9di futamait. Az ifjak \u00e9s a feln\u0151ttek verseny\u00e9be na h\u00e1zigazda mellett 16 telep\u00fcl\u00e9s k\u00e9pviseltette mag\u00e1t.<\/p>\n<p>-Ez a k\u00f6rnyez\u0151 telep\u00fcl\u00e9sek versenye. Itt mindig izgalmas, hogy ki gy\u0151z \u00e9s a rivaliz\u00e1l\u00e1s is egy nagyon fontos dolog.&#8221;  &#8211;   mondta D\u00e9t\u00e1ri-Luk\u00e1cs \u00c9va szervez\u0151.<\/p>\n<p>Az Kishusz\u00e1r v\u00e1gt\u00e1ban 2,5 k\u00f6rt azaz 850 m\u00e9tert kellett megtenni, \u00dajfeh\u00e9rt\u00f3, Cs\u00e9t\u00e9ny \u00e9s Hern\u00e1dn\u00e9meti versenyz\u0151je nyerte a viadalt. A helysz\u00ednen t\u00f6bb sz\u00e1zan szurkoltak a lovasoknak. <\/p>\n<p>-Kimondottan a kisl\u00e1nyom miatt j\u00f6tt\u00fcnk el ide, mert \u0151 nagyon szereti a lovakat, szeret lovagolni \u00e9s m\u00e1r lovagolt is a p\u00f3ni lovakon itt m\u00e1r tett egy j\u00f3 nagy k\u00f6rt.&#8221;  &#8211;   mondta Bagi L\u00e1szl\u00f3.<\/p>\n<p>Volt, aki el\u0151sz\u00f6r l\u00e1tott \u00e9l\u0151ben l\u00f3versenyt.<\/p>\n<p>-M\u00e9g nem voltam soha, ez az els\u0151 ilyen \u00e9lm\u00e9nyem!&#8221;  &#8211;   mondta L\u00e9n\u00e1rt Kriszti\u00e1n Hunor.<\/p>\n<p>Az ifjak ut\u00e1n j\u00f6ttek a feln\u0151ttek, az els\u0151 futam es\u00e9lyese az \u00dajszilv\u00e1st k\u00e9pvisel\u0151, kor\u00e1bbi nyertes Szab\u00f3 Levente volt, aki a 9 \u00e9ves Kisb\u00e9ri f\u00e9lv\u00e9r Bob herceg Br\u00fan\u00f3val v\u00e1gott neki a 3,5 k\u00f6rnek.<\/p>\n<p>-Rem\u00e9lem megnyerem \u00e9s \u00fagy \u00e9rzem, hogy nagyon j\u00f3 most a lovam, s\u0151t a tavalyin\u00e1l is sokkal jobb.&#8221;  &#8211;   mondta Szab\u00f3 Levente.<\/p>\n<p>Szab\u00f3 Levente a j\u00f3 rajt ut\u00e1n v\u00e9gig vezetett \u00e9s az utols\u00f3 kanyarra is els\u0151 helyen fordult r\u00e1.<\/p>\n<p>-Lassan-lassan r\u00e1fordulnak a befut\u00f3 egyenesre, fent a c\u00e9lb\u00edr\u00f3 z\u00e1szlaja \u00e9s ebben a pillanatban gy\u0151z\u00f6tt \u00dajszilv\u00e1s.&#8221;<\/p>\n<p>Szab\u00f3 Levent\u00e9n k\u00edv\u00fcl a m\u00e1sik k\u00e9t futam gy\u0151ztese a Helv\u00e9ci\u00e1t k\u00e9pvisel\u0151 Nagy Krisztofer valamint a jakabsz\u00e1ll\u00e1si sz\u00ednekben indul\u00f3 Mell\u00e1r P\u00e9ter is ott lesz a H\u0151s\u00f6k ter\u00e9n az orsz\u00e1gos d\u00f6nt\u0151be, csak\u00fagy, mint a h\u00e1zigazda Cegl\u00e9d.<\/p>\n<div style=\"width: 640px;\" class=\"wp-video\"><!--[if lt IE 9]><script>document.createElement('video');<\/script><![endif]-->\n<video class=\"wp-video-shortcode\" id=\"video-9256-1\" width=\"640\" height=\"360\" preload=\"metadata\" controls=\"controls\"><source type=\"video\/mp4\" src=\"\/spots\/hir\/hir_180611_07.mp4?_=1\" \/><a href=\"\/spots\/hir\/hir_180611_07.mp4\">\/spots\/hir\/hir_180611_07.mp4<\/a><\/video><\/div>\n","protected":false},"excerpt":{"rendered":"<p>L\u00f3patkol\u00e1s, p\u00e1lyameg\u00faj\u00edt\u00e1s \u00e9s a versenyz\u0151k bej\u00e1r\u00e1sa el\u0151zte meg a Nemzeti V\u00e1gta cegl\u00e9di futamait. Az ifjak \u00e9s a feln\u0151ttek verseny\u00e9be na h\u00e1zigazda mellett 16 telep\u00fcl\u00e9s k\u00e9pviseltette mag\u00e1t. -Ez a k\u00f6rnyez\u0151 telep\u00fcl\u00e9sek versenye. Itt mindig izgalmas, hogy ki gy\u0151z \u00e9s a rivaliz\u00e1l\u00e1s is egy nagyon fontos dolog.&#8221; &#8211; mondta D\u00e9t\u00e1ri-Luk\u00e1cs \u00c9va szervez\u0151. Az Kishusz\u00e1r v\u00e1gt\u00e1ban 2,5 k\u00f6rt [&hellip;]<\/p>\n","protected":false},"author":2,"featured_media":0,"comment_status":"closed","ping_status":"closed","sticky":false,"template":"","format":"standard","meta":[],"categories":[9],"tags":[],"_links":{"self":[{"href":"http:\/\/archiv.szolnoktv.hu\/index.php?rest_route=\/wp\/v2\/posts\/9256"}],"collection":[{"href":"http:\/\/archiv.szolnoktv.hu\/index.php?rest_route=\/wp\/v2\/posts"}],"about":[{"href":"http:\/\/archiv.szolnoktv.hu\/index.php?rest_route=\/wp\/v2\/types\/post"}],"author":[{"embeddable":true,"href":"http:\/\/archiv.szolnoktv.hu\/index.php?rest_route=\/wp\/v2\/users\/2"}],"replies":[{"embeddable":true,"href":"http:\/\/archiv.szolnoktv.hu\/index.php?rest_route=%2Fwp%2Fv2%2Fcomments&post=9256"}],"version-history":[{"count":1,"href":"http:\/\/archiv.szolnoktv.hu\/index.php?rest_route=\/wp\/v2\/posts\/9256\/revisions"}],"predecessor-version":[{"id":9319,"href":"http:\/\/archiv.szolnoktv.hu\/index.php?rest_route=\/wp\/v2\/posts\/9256\/revisions\/9319"}],"wp:attachment":[{"href":"http:\/\/archiv.szolnoktv.hu\/index.php?rest_route=%2Fwp%2Fv2%2Fmedia&parent=9256"}],"wp:term":[{"taxonomy":"category","embeddable":true,"href":"http:\/\/archiv.szolnoktv.hu\/index.php?rest_route=%2Fwp%2Fv2%2Fcategories&post=9256"},{"taxonomy":"post_tag","embeddable":true,"href":"http:\/\/archiv.szolnoktv.hu\/index.php?rest_route=%2Fwp%2Fv2%2Ftags&post=9256"}],"curies":[{"name":"wp","href":"https:\/\/api.w.org\/{rel}","templated":true}]}}