{"id":9255,"date":"2018-06-11T16:34:49","date_gmt":"2018-06-11T16:34:49","guid":{"rendered":"http:\/\/archiv.szolnoktv.hu\/?p=9255"},"modified":"2021-08-14T14:27:50","modified_gmt":"2021-08-14T14:27:50","slug":"vakacio-alatt-is-biztonsagban","status":"publish","type":"post","link":"http:\/\/archiv.szolnoktv.hu\/?p=9255","title":{"rendered":"-Vak\u00e1ci\u00f3 alatt is biztons\u00e1gban&#8221;"},"content":{"rendered":"<div class='booster-block booster-read-block'><\/div><p>Lufikat f\u00fajnak \u00e9s k\u00f6zben balesetmegel\u0151z\u00e9si tan\u00e1csokat hallgatnak \u00e1ltal\u00e1nos iskol\u00e1sok Szolnokon. A gyerekek t\u00f6bbs\u00e9ge tiszt\u00e1ban van a k\u00f6zleked\u00e9si szab\u00e1lyokkal. <\/p>\n<p>-Ha a zebr\u00e1hoz \u00e9rkezek, akkor lass\u00edtok, meg\u00e1llok \u00e9s sz\u00e9tn\u00e9zek, nehogy el\u00fcss\u00f6n az aut\u00f3.&#8221;  &#8211;   mondta L\u00e1nczi Zar\u00e1nd J\u00e1nos<\/p>\n<p>A ny\u00e1ri sz\u00fcnetben a szokottn\u00e1l is t\u00f6bb gyermek k\u00f6zlekedik napk\u00f6zben is az utakon. T\u00f6bbs\u00e9g\u00fck gyalog j\u00e1r, viszont a ker\u00e9kp\u00e1r \u00e9s a roller is gyakori l\u00e1tv\u00e1ny. Ez\u00e9rt is fontos, hoyg a gyerekek felk\u00e9sz\u00fclten, a szab\u00e1lyok ismeret\u00e9ben induljanak \u00fatnak. <\/p>\n<p>Balog Zsolt, a Tiszaparti R\u00f3mai Katolikus \u00c1ltal\u00e1nos Iskola \u00e9s Gimn\u00e1zium igazgat\u00f3-helyettese r\u00e1mutatott &#8211;  -Ez megnyilv\u00e1nul akkor is, amikor besz\u00e9lget\u00fcnk vel\u00fck, amikor az iskol\u00e1ban ilyen jelleg\u0171 programjaink vannak. Legal\u00e1bbis az elm\u00e9letet nagyon j\u00f3l tudj\u00e1k, azt\u00e1n amikor kiker\u00fclnek az utc\u00e1ra \u00e9s gyakorlatban l\u00e1tjuk \u0151ket k\u00f6zlekedni, akkor m\u00e1r nem biztos, hogy az elm\u00e9letet a gyakorlatban is alkalmazz\u00e1k.     <\/p>\n<p>A -Vak\u00e1ci\u00f3 alatt is biztons\u00e1gban&#8221; program keret\u00e9ben, ma 200 szolnoki \u00e1ltal\u00e1nos iskol\u00e1s gyermek vett r\u00e9szt egy interakt\u00edv balesetmegel\u0151z\u00e9si \u00f3r\u00e1n, ahol a rend\u0151r\u00f6kt\u0151l nem csak aj\u00e1nd\u00e9kot, hanem tan\u00e1csokat \u00e9s t\u00e1j\u00e9koztat\u00e1st is kaptak a biztons\u00e1gos k\u00f6zleked\u00e9sr\u0151l.<\/p>\n<p>-Az\u00e9rt fontos, hogy az aut\u00f3sok tudj\u00e1k, hogy ny\u00e1ron is vigy\u00e1zni kell a k\u00f6zleked\u00e9sben, hiszen akkor vak\u00e1ci\u00f3 van \u00e9s m\u00e9g t\u00f6bb gyerek van az \u00faton.&#8221;  &#8211;   mondta K\u00e1lm\u00e1n Zs\u00f3fia<\/p>\n<p>A Megyei Balesetmegel\u0151z\u00e9si Bizotts\u00e1g munkat\u00e1rsai a t\u00f6bbi k\u00f6z\u00f6tt a gyalogos \u00e1tkel\u0151helyek biztons\u00e1gos haszn\u00e1lat\u00e1r\u00f3l, a v\u00edzpartok, a ker\u00e9kp\u00e1roz\u00e1s \u00e9s a ny\u00e1ri sz\u00fcnid\u0151 vesz\u00e9lyeir\u0151l is besz\u00e9ltek.<\/p>\n<p>-Kett\u0151 f\u0151 gondolat k\u00f6r\u00e9 tudjuk \u00e9p\u00edteni. Az egyik a gyalogos k\u00f6zleked\u00e9s, ne szaladg\u00e1ljanak \u00e1t az \u00faton, mennyire fontos a k\u00f6r\u00fcltekint\u00e9s, olyan helyen k\u00f6zlekedjenek, ahol szab\u00e1lyos, Illetve maga a ker\u00e9kp\u00e1ros k\u00f6zleked\u00e9s, hiszen itt is nagyon fontos, hogy egyr\u00e9szt elindul\u00e1s el\u0151tt ellen\u0151rizz\u00fck a ker\u00e9kp\u00e1rt, m\u00e1sr\u00e9szt hogyha sz\u00fcrk\u00fcletben, s\u00f6t\u00e9tben k\u00f6zleked\u00fcnk ak\u00e1r egy kir\u00e1ndul\u00e1s alkalm\u00e1val, a gyermekek \u00e9s a ker\u00e9kp\u00e1r is legyen felk\u00e9sz\u00edtve, kivil\u00e1g\u00edtva.&#8221;  &#8211;   emelte ki D\u00e1vid M\u00f3nika r. \u0151rnagy, a JNSZ Megyei Balesetmegel\u0151z\u00e9si Bizotts\u00e1g titk\u00e1ra <\/p>\n<p>A szervez\u0151k emellett a szab\u00e1lyos k\u00f6zleked\u00e9sre, a ker\u00e9kp\u00e1rutak haszn\u00e1lat\u00e1nak fontoss\u00e1g\u00e1ra, valamint a kanyarod\u00e1si szab\u00e1lyokra h\u00edvt\u00e1k fel a figyelmet.<\/p>\n<div style=\"width: 640px;\" class=\"wp-video\"><!--[if lt IE 9]><script>document.createElement('video');<\/script><![endif]-->\n<video class=\"wp-video-shortcode\" id=\"video-9255-1\" width=\"640\" height=\"360\" preload=\"metadata\" controls=\"controls\"><source type=\"video\/mp4\" src=\"\/spots\/hir\/hir_180611_06.mp4?_=1\" \/><a href=\"\/spots\/hir\/hir_180611_06.mp4\">\/spots\/hir\/hir_180611_06.mp4<\/a><\/video><\/div>\n","protected":false},"excerpt":{"rendered":"<p>Lufikat f\u00fajnak \u00e9s k\u00f6zben balesetmegel\u0151z\u00e9si tan\u00e1csokat hallgatnak \u00e1ltal\u00e1nos iskol\u00e1sok Szolnokon. A gyerekek t\u00f6bbs\u00e9ge tiszt\u00e1ban van a k\u00f6zleked\u00e9si szab\u00e1lyokkal. -Ha a zebr\u00e1hoz \u00e9rkezek, akkor lass\u00edtok, meg\u00e1llok \u00e9s sz\u00e9tn\u00e9zek, nehogy el\u00fcss\u00f6n az aut\u00f3.&#8221; &#8211; mondta L\u00e1nczi Zar\u00e1nd J\u00e1nos A ny\u00e1ri sz\u00fcnetben a szokottn\u00e1l is t\u00f6bb gyermek k\u00f6zlekedik napk\u00f6zben is az utakon. T\u00f6bbs\u00e9g\u00fck gyalog j\u00e1r, viszont a ker\u00e9kp\u00e1r [&hellip;]<\/p>\n","protected":false},"author":2,"featured_media":0,"comment_status":"closed","ping_status":"closed","sticky":false,"template":"","format":"standard","meta":[],"categories":[9],"tags":[],"_links":{"self":[{"href":"http:\/\/archiv.szolnoktv.hu\/index.php?rest_route=\/wp\/v2\/posts\/9255"}],"collection":[{"href":"http:\/\/archiv.szolnoktv.hu\/index.php?rest_route=\/wp\/v2\/posts"}],"about":[{"href":"http:\/\/archiv.szolnoktv.hu\/index.php?rest_route=\/wp\/v2\/types\/post"}],"author":[{"embeddable":true,"href":"http:\/\/archiv.szolnoktv.hu\/index.php?rest_route=\/wp\/v2\/users\/2"}],"replies":[{"embeddable":true,"href":"http:\/\/archiv.szolnoktv.hu\/index.php?rest_route=%2Fwp%2Fv2%2Fcomments&post=9255"}],"version-history":[{"count":1,"href":"http:\/\/archiv.szolnoktv.hu\/index.php?rest_route=\/wp\/v2\/posts\/9255\/revisions"}],"predecessor-version":[{"id":9320,"href":"http:\/\/archiv.szolnoktv.hu\/index.php?rest_route=\/wp\/v2\/posts\/9255\/revisions\/9320"}],"wp:attachment":[{"href":"http:\/\/archiv.szolnoktv.hu\/index.php?rest_route=%2Fwp%2Fv2%2Fmedia&parent=9255"}],"wp:term":[{"taxonomy":"category","embeddable":true,"href":"http:\/\/archiv.szolnoktv.hu\/index.php?rest_route=%2Fwp%2Fv2%2Fcategories&post=9255"},{"taxonomy":"post_tag","embeddable":true,"href":"http:\/\/archiv.szolnoktv.hu\/index.php?rest_route=%2Fwp%2Fv2%2Ftags&post=9255"}],"curies":[{"name":"wp","href":"https:\/\/api.w.org\/{rel}","templated":true}]}}