{"id":9254,"date":"2018-06-11T16:11:04","date_gmt":"2018-06-11T16:11:04","guid":{"rendered":"http:\/\/archiv.szolnoktv.hu\/?p=9254"},"modified":"2021-08-14T14:27:50","modified_gmt":"2021-08-14T14:27:50","slug":"cseresznyefesztival-nagykoru","status":"publish","type":"post","link":"http:\/\/archiv.szolnoktv.hu\/?p=9254","title":{"rendered":"Cseresznyefesztiv\u00e1l Nagyk\u00f6r\u00fc"},"content":{"rendered":"<div class='booster-block booster-read-block'><\/div><p>A cseresznye id\u00e9n is kiv\u00e1l\u00f3 min\u0151s\u00e9g\u0171 \u00e9s termett is bel\u0151le b\u0151s\u00e9ggel. A k\u00f6zkedvelt nagyk\u00f6r\u00fci gy\u00fcm\u00f6lcs h\u00edrnev\u00e9t \u00e9s elismerts\u00e9g\u00e9t emeli, hogy az a k\u00f6zelm\u00faltban felker\u00fclt az orsz\u00e1gos eredetv\u00e9delmi list\u00e1ra. A d\u00f6nt\u00e9s rekl\u00e1m\u00e9rt\u00e9ke nagy, de mivel a nagyk\u00f6r\u00fci cseresznye nem egys\u00e9ges \u00e1rucikk, a j\u00f3l fizet\u0151, nyugati piacokon igen gyenge t\u00e1rgyal\u00e1si alap. Ez\u00e9rt a helyben termett gy\u00fcm\u00f6lcs f\u0151leg a k\u00f6rny\u00e9kbeli termel\u0151i piacokon \u00e9rt\u00e9kes\u00edthet\u0151. Nagyk\u00f6r\u00fcben azonban nemcsak a cseresznye, hanem  t\u00f6bb m\u00e1s, helyi term\u00e9k is egyre nagyobb szerepet kap a nagyk\u00f6r\u00fci term\u00e9kpalett\u00e1n. A v\u00e1s\u00e1r idej\u00e9n hivatalosan is l\u00e9trej\u00f6tt a magyar sajt\u00fat h\u00e1l\u00f3zat nagyk\u00f6r\u00fci \u00e1llom\u00e1sa, amely a sajtfogyaszt\u00e1s n\u00e9pszer\u0171s\u00edt\u00e9se mellett a helyi idegenforgalmi k\u00edn\u00e1lat b\u0151v\u00edt\u00e9s\u00e9t is c\u00e9lozza.<br \/>\n<br \/>\n<div style=\"width: 640px;\" class=\"wp-video\"><!--[if lt IE 9]><script>document.createElement('video');<\/script><![endif]-->\n<video class=\"wp-video-shortcode\" id=\"video-9254-1\" width=\"640\" height=\"360\" preload=\"metadata\" controls=\"controls\"><source type=\"video\/mp4\" src=\"\/spots\/hir\/hir_180611_05.mp4?_=1\" \/><a href=\"\/spots\/hir\/hir_180611_05.mp4\">\/spots\/hir\/hir_180611_05.mp4<\/a><\/video><\/div><\/p>\n","protected":false},"excerpt":{"rendered":"<p>A cseresznye id\u00e9n is kiv\u00e1l\u00f3 min\u0151s\u00e9g\u0171 \u00e9s termett is bel\u0151le b\u0151s\u00e9ggel. A k\u00f6zkedvelt nagyk\u00f6r\u00fci gy\u00fcm\u00f6lcs h\u00edrnev\u00e9t \u00e9s elismerts\u00e9g\u00e9t emeli, hogy az a k\u00f6zelm\u00faltban felker\u00fclt az orsz\u00e1gos eredetv\u00e9delmi list\u00e1ra. A d\u00f6nt\u00e9s rekl\u00e1m\u00e9rt\u00e9ke nagy, de mivel a nagyk\u00f6r\u00fci cseresznye nem egys\u00e9ges \u00e1rucikk, a j\u00f3l fizet\u0151, nyugati piacokon igen gyenge t\u00e1rgyal\u00e1si alap. Ez\u00e9rt a helyben termett gy\u00fcm\u00f6lcs f\u0151leg [&hellip;]<\/p>\n","protected":false},"author":2,"featured_media":0,"comment_status":"closed","ping_status":"closed","sticky":false,"template":"","format":"standard","meta":[],"categories":[9],"tags":[],"_links":{"self":[{"href":"http:\/\/archiv.szolnoktv.hu\/index.php?rest_route=\/wp\/v2\/posts\/9254"}],"collection":[{"href":"http:\/\/archiv.szolnoktv.hu\/index.php?rest_route=\/wp\/v2\/posts"}],"about":[{"href":"http:\/\/archiv.szolnoktv.hu\/index.php?rest_route=\/wp\/v2\/types\/post"}],"author":[{"embeddable":true,"href":"http:\/\/archiv.szolnoktv.hu\/index.php?rest_route=\/wp\/v2\/users\/2"}],"replies":[{"embeddable":true,"href":"http:\/\/archiv.szolnoktv.hu\/index.php?rest_route=%2Fwp%2Fv2%2Fcomments&post=9254"}],"version-history":[{"count":1,"href":"http:\/\/archiv.szolnoktv.hu\/index.php?rest_route=\/wp\/v2\/posts\/9254\/revisions"}],"predecessor-version":[{"id":9321,"href":"http:\/\/archiv.szolnoktv.hu\/index.php?rest_route=\/wp\/v2\/posts\/9254\/revisions\/9321"}],"wp:attachment":[{"href":"http:\/\/archiv.szolnoktv.hu\/index.php?rest_route=%2Fwp%2Fv2%2Fmedia&parent=9254"}],"wp:term":[{"taxonomy":"category","embeddable":true,"href":"http:\/\/archiv.szolnoktv.hu\/index.php?rest_route=%2Fwp%2Fv2%2Fcategories&post=9254"},{"taxonomy":"post_tag","embeddable":true,"href":"http:\/\/archiv.szolnoktv.hu\/index.php?rest_route=%2Fwp%2Fv2%2Ftags&post=9254"}],"curies":[{"name":"wp","href":"https:\/\/api.w.org\/{rel}","templated":true}]}}