{"id":9253,"date":"2018-06-11T15:31:43","date_gmt":"2018-06-11T15:31:43","guid":{"rendered":"http:\/\/archiv.szolnoktv.hu\/?p=9253"},"modified":"2021-08-14T14:27:50","modified_gmt":"2021-08-14T14:27:50","slug":"a-depresszio-beklyojaban-konyvbemutato","status":"publish","type":"post","link":"http:\/\/archiv.szolnoktv.hu\/?p=9253","title":{"rendered":"A  depresszi\u00f3 b\u00e9kly\u00f3j\u00e1ban &#8211; k\u00f6nyvbemutat\u00f3"},"content":{"rendered":"<div class='booster-block booster-read-block'><\/div><p>Az \u00fcnnepi k\u00f6nyvh\u00e9tre egy k\u00fcl\u00f6nleges k\u00f6nyv is megjelent, mely abszol\u00fat hi\u00e1nyp\u00f3tl\u00f3, s\u0151t nemsok\u00e1ra az orvosi egyetemeken is aj\u00e1nlott olvasm\u00e1ny lehet. <br \/>L. Mur\u00e1nyi L\u00e1szl\u00f3 \u00fajs\u00e1g\u00edr\u00f3k\u00e9nt a depresszi\u00f3r\u00f3l \u00edrt riportk\u00f6nyvet.<br \/>A betegs\u00e9g annyira titkolt, hogy az esetek fele rejtve marad.<\/p>\n<p> L. Mur\u00e1nyi L\u00e1szl\u00f3 szerz\u0151 : <br \/>-&#8220;\u00dagy becs\u00fclik a szakemberek, hogy a lakoss\u00e1g 4-8 sz\u00e1zal\u00e9ka minden id\u0151pillanatban depresszi\u00f3s f\u00e1zist \u00e9l meg orvosi \u00e9rtelemben. &#8211;<\/p>\n<p>A t\u00f6bb mint 500 oldalas k\u00f6tetben  a   44 \u00e9vesen elhunyt Albert Gy\u00f6rgyi k\u00f6nyv\u00e9b\u0151l is id\u00e9zett , de riportot k\u00e9sz\u00edtett Keresztes Ildik\u00f3val, T\u00f3th Ver\u00e1val \u00e9s Havas Henrikkel is. A Karinthy csal\u00e1d \u00e9rintetts\u00e9g\u00e9r\u0151l is \u00edrt. Az unoka pedig maga is r\u00e9szt vett a p\u00e9nteki k\u00f6nyvbemutat\u00f3n. Karinthy M\u00e1rton kend\u0151zetlen \u0151szintes\u00e9ggel besz\u00e9lt a szerz\u0151nek saj\u00e1t tapasztalatair\u00f3l, melyet egy\u00e9bk\u00e9nt \u00d6rd\u00f6gg\u00f6rcs c k\u00f6tet\u00e9ben maga is meg\u00edrt. <\/p>\n<p> Karinthy M\u00e1rton \u00edr\u00f3: <\/p>\n<p>-&#8220;Az \u0151r\u00fclet \u00e9s a zsenialit\u00e1s nagyon k\u00f6zel van egym\u00e1shoz. Ez egy j\u00f3 kiindul\u00e1s arra Egy ilyen csal\u00e1d, amely tele van \u0151r\u00fcltekkel zsenikkel, extr\u00e9m frusztr\u00e1lt l\u00e9nyekkel, ebben egy kicsit elmer\u00fclni, m\u00e1r csak az\u00e9rt is, mert szem\u00e9lyes \u00e9rintetts\u00e9g is van , mert a g\u00e9neket \u00f6r\u00f6k\u00f6ltem teh\u00e1t egy kis f\u00e9lelem is van, hogy mi minden lehets\u00e9ges m\u00e9g. &#8211;<\/p>\n<p>Riportk\u00f6nyv, amely jelen\u00fcnkbe, a val\u00f3 vil\u00e1g s\u0171r\u0171j\u00e9be kalauzol el. Egy\u00fctt\u00e9rz\u0151 szellemi utat k\u00edn\u00e1l, sorsok t\u00fckr\u00e9ben l\u00e1ttatja, honnan ered, illetve hov\u00e1 vezet a depresszi\u00f3, \u00e9s annak sz\u00f6vev\u00e9nyes, bonyolult vil\u00e1ga. A betegekkel folytatott besz\u00e9lget\u00e9sei \u00fagy illeszkednek a szakemberekt\u0151l nyert inform\u00e1ci\u00f3khoz, mint z\u00e1rba a kulcs. Egyr\u00e9szt, t\u00e9nyekkel szembes\u00edtve \u00e9breszti fel lelkiismeret\u00fcnket, hogy  felismerhess\u00fck ezt a betegs\u00e9get, tudjuk, mi is ez val\u00f3j\u00e1ban. <\/p>\n<p>&#8220;Aki saj\u00e1t mag\u00e1n, vagy k\u00f6rnyezet\u00e9ben valakin gyan\u00fas jeleket tapasztal, ink\u00e1bb jobb ezt tiszt\u00e1zni, \u00e9s ink\u00e1bb jobb azt mondani, hogy nem, vagy pedig ha meg\u00e1llap\u00edtj\u00e1k, akkor egy kezeletlen depresszi\u00f3nak a hat\u00e1sait ki lehet v\u00e9deni akkor. -hangs\u00falyozta a szerz\u0151. <\/p>\n<p>A moderniz\u00e1ci\u00f3s n\u00e9pbetegs\u00e9g gyakran egy\u00fctt j\u00e1r m\u00e1s pszich\u00e9s betegs\u00e9gekkel, r\u00e1kbetegs\u00e9gekkel \u00e9s belgy\u00f3gy\u00e1szati k\u00f3rokkal is. A k\u00f6nyv laikusoknak sz\u00f3l, \u00e9rthet\u0151 m\u00f3don vezeti v\u00e9gig az olvas\u00f3t a tudom\u00e1nyos alapokon \u00e9s az \u00e9lett\u00f6rt\u00e9neteken. <\/p>\n<div style=\"width: 640px;\" class=\"wp-video\"><!--[if lt IE 9]><script>document.createElement('video');<\/script><![endif]-->\n<video class=\"wp-video-shortcode\" id=\"video-9253-1\" width=\"640\" height=\"360\" preload=\"metadata\" controls=\"controls\"><source type=\"video\/mp4\" src=\"\/spots\/hir\/hir_180611_04.mp4?_=1\" \/><a href=\"\/spots\/hir\/hir_180611_04.mp4\">\/spots\/hir\/hir_180611_04.mp4<\/a><\/video><\/div>\n","protected":false},"excerpt":{"rendered":"<p>Az \u00fcnnepi k\u00f6nyvh\u00e9tre egy k\u00fcl\u00f6nleges k\u00f6nyv is megjelent, mely abszol\u00fat hi\u00e1nyp\u00f3tl\u00f3, s\u0151t nemsok\u00e1ra az orvosi egyetemeken is aj\u00e1nlott olvasm\u00e1ny lehet. L. Mur\u00e1nyi L\u00e1szl\u00f3 \u00fajs\u00e1g\u00edr\u00f3k\u00e9nt a depresszi\u00f3r\u00f3l \u00edrt riportk\u00f6nyvet.A betegs\u00e9g annyira titkolt, hogy az esetek fele rejtve marad. L. Mur\u00e1nyi L\u00e1szl\u00f3 szerz\u0151 : -&#8220;\u00dagy becs\u00fclik a szakemberek, hogy a lakoss\u00e1g 4-8 sz\u00e1zal\u00e9ka minden id\u0151pillanatban depresszi\u00f3s f\u00e1zist [&hellip;]<\/p>\n","protected":false},"author":2,"featured_media":0,"comment_status":"closed","ping_status":"closed","sticky":false,"template":"","format":"standard","meta":[],"categories":[9],"tags":[],"_links":{"self":[{"href":"http:\/\/archiv.szolnoktv.hu\/index.php?rest_route=\/wp\/v2\/posts\/9253"}],"collection":[{"href":"http:\/\/archiv.szolnoktv.hu\/index.php?rest_route=\/wp\/v2\/posts"}],"about":[{"href":"http:\/\/archiv.szolnoktv.hu\/index.php?rest_route=\/wp\/v2\/types\/post"}],"author":[{"embeddable":true,"href":"http:\/\/archiv.szolnoktv.hu\/index.php?rest_route=\/wp\/v2\/users\/2"}],"replies":[{"embeddable":true,"href":"http:\/\/archiv.szolnoktv.hu\/index.php?rest_route=%2Fwp%2Fv2%2Fcomments&post=9253"}],"version-history":[{"count":1,"href":"http:\/\/archiv.szolnoktv.hu\/index.php?rest_route=\/wp\/v2\/posts\/9253\/revisions"}],"predecessor-version":[{"id":9322,"href":"http:\/\/archiv.szolnoktv.hu\/index.php?rest_route=\/wp\/v2\/posts\/9253\/revisions\/9322"}],"wp:attachment":[{"href":"http:\/\/archiv.szolnoktv.hu\/index.php?rest_route=%2Fwp%2Fv2%2Fmedia&parent=9253"}],"wp:term":[{"taxonomy":"category","embeddable":true,"href":"http:\/\/archiv.szolnoktv.hu\/index.php?rest_route=%2Fwp%2Fv2%2Fcategories&post=9253"},{"taxonomy":"post_tag","embeddable":true,"href":"http:\/\/archiv.szolnoktv.hu\/index.php?rest_route=%2Fwp%2Fv2%2Ftags&post=9253"}],"curies":[{"name":"wp","href":"https:\/\/api.w.org\/{rel}","templated":true}]}}