{"id":9252,"date":"2018-06-11T14:51:54","date_gmt":"2018-06-11T14:51:54","guid":{"rendered":"http:\/\/archiv.szolnoktv.hu\/?p=9252"},"modified":"2021-08-14T14:27:51","modified_gmt":"2021-08-14T14:27:51","slug":"torpeharcsa-gyerites-a-holt-tiszan","status":"publish","type":"post","link":"http:\/\/archiv.szolnoktv.hu\/?p=9252","title":{"rendered":"T\u00f6rpeharcsa gy\u00e9r\u00edt\u00e9s a Holt-Tisz\u00e1n"},"content":{"rendered":"<div class='booster-block booster-read-block'><\/div><p>Olasz, szlov\u00e1k, szerb \u00e9s magyar horg\u00e1szok \u00fcltek a v\u00edz \u00e9s a botok mell\u00e9 szombaton, hogy r\u00e9szt vegyenek abban az \u00f6kol\u00f3giai versenyben, melynek f\u0151 c\u00e9lja a Holt-Tisza t\u00f6rpeharcsa \u00e1llom\u00e1ny\u00e1nak gy\u00e9r\u00edt\u00e9se volt. (0436 k\u00f6r\u00fclig- beetet\u00e9sig mehetnek az elej\u00e9r\u0151l a k\u00e9pek)<\/p>\n<p>K\u00fcrtsz\u00f3ra indult a megm\u00e9rettet\u00e9s, ahol kiemelt szerep jutott a gyerekeknek is, hiszen a horg\u00e1szokn\u00e1l is a csal\u00e1d az els\u0151. <\/p>\n<p> Holl\u00f3si \u00c1d\u00e1m : <\/p>\n<p>-&#8220;Egy \u00e9ve horg\u00e1szok \u00e9s most t\u00f6rpeharcs\u00e1ra megyek csontival . Mi\u00e9rt j\u00f6tt\u00e9l el? Hogy nyerjek meg, hogy h\u00edrnevet szerezzek az oszt\u00e1lyomnak. &#8211;<\/p>\n<p>A verseny c\u00e9lja az volt, hogy min\u00e9l t\u00f6bb t\u00f6rpeharcs\u00e1t fogjanak ki. <\/p>\n<p> Csoma G\u00e1bor \u00fcgyvezet\u0151 eln\u00f6k Tisza Horg\u00e1sz Egyes\u00fclet<br \/>-1904-ben hurcolt\u00e1k be Franciaorsz\u00e1gb\u00f3l a t\u00f6rpeharcs\u00e1t Magyarorsz\u00e1gra. Ez m\u00e9g nem is lett volna olyan nagy baj, de ut\u00e1na elk\u00f6vett\u00e9k m\u00e9g azt a hib\u00e1t, hogy 1980-ban  Dinny\u00e9sre illetve a szarvasi kutat\u00f3int\u00e9zetbe behozt\u00e1k a fekete t\u00f6rpeharcs\u00e1t is. Err\u0151l tudni kell, hogy a legnagyobb mennyis\u00e9gben fordul el\u0151 a term\u00e9szetes vizeinkben  \u00e9s sokkal szapor\u00e1bb mint a sima t\u00f6rpeharcsa. Nem n\u0151  meg olyan m\u00e9ret\u0171re \u00e9s ez\u00e9rt nagyon sok bossz\u00fas\u00e1got okoz a horg\u00e1szoknak. &#8211;<\/p>\n<p>A mind\u00f6ssze 2,5, 6-8 dek\u00e1s halak emberi fogyaszt\u00e1sra nem alkalmasak, \u00e1m r\u00e1\u00fasznak a ponty etet\u00e9sre is , nem kis bossz\u00fas\u00e1got okozva a horg\u00e1szoknak. <br \/>A vil\u00e1g \u00e9lvonal\u00e1ban jegyzett profi versenyz\u0151, a szolnoki Varga J\u00f3zsef kez\u00e9ben szinte meg sem \u00e1llt a bot. Rak\u00f3s botokkal szedte ki egym\u00e1s ut\u00e1n a halakat. <\/p>\n<p>Varga J\u00f3zsef <br \/>-&#8220;Itt a hat \u00f3r\u00e1s verseny alatt, aki az elej\u00e9ben akar v\u00e9gezni, 4-500 darab k\u00f6z\u00f6tt kell, hogy fogjon. &#8211;<\/p>\n<p>Val\u00f3ban nem kellett sokat v\u00e1rni a kap\u00e1sra, egym\u00e1s ut\u00e1n haraptak a halak. <\/p>\n<p>Csoma G\u00e1bor \u00fcgyvezet\u0151 eln\u00f6k Tisza Horg\u00e1sz Egyes\u00fclet: <\/p>\n<p>-&#8220;A t\u00f6rpeharcs\u00e1ra az a jellemz\u0151, hogy a halak k\u00f6z\u00f6tt a legfal\u00e1nkabb , ha \u00e9hes m\u00e9g az \u00fcres horogra is r\u00e1megy. Nincs az, hogy kukoric\u00e1val, csontival vagy mivel. Mindenkinek a saj\u00e1t m\u00f3dszere van meg, itt felh\u0151s etet\u00e9ssel mindennel pr\u00f3b\u00e1lkoznak a horg\u00e1szok. &#8211;<\/p>\n<p>A hat \u00f3r\u00e1s verseny alatt 5 m\u00e1zsa t\u00f6rpeharcs\u00e1t fogtak ki a horg\u00e1szok. A gyerekek egy\u00e9bk\u00e9nt ugyanolyan \u00fcgyesek voltak, mint a profi versenyz\u0151k hiszen a kicsik \u00e9pp annyi halat fogtak, mint a feln\u0151ttek. Szombaton \u00edgy csaknem 18 ezer darab t\u00f6rpeharcs\u00e1t\u00f3l siker\u00fclt megszabad\u00edtani a Holt-Tisz\u00e1t.<br \/>\n<br \/>\n<div style=\"width: 640px;\" class=\"wp-video\"><!--[if lt IE 9]><script>document.createElement('video');<\/script><![endif]-->\n<video class=\"wp-video-shortcode\" id=\"video-9252-1\" width=\"640\" height=\"360\" preload=\"metadata\" controls=\"controls\"><source type=\"video\/mp4\" src=\"\/spots\/hir\/hir_180611_03.mp4?_=1\" \/><a href=\"\/spots\/hir\/hir_180611_03.mp4\">\/spots\/hir\/hir_180611_03.mp4<\/a><\/video><\/div><\/p>\n","protected":false},"excerpt":{"rendered":"<p>Olasz, szlov\u00e1k, szerb \u00e9s magyar horg\u00e1szok \u00fcltek a v\u00edz \u00e9s a botok mell\u00e9 szombaton, hogy r\u00e9szt vegyenek abban az \u00f6kol\u00f3giai versenyben, melynek f\u0151 c\u00e9lja a Holt-Tisza t\u00f6rpeharcsa \u00e1llom\u00e1ny\u00e1nak gy\u00e9r\u00edt\u00e9se volt. (0436 k\u00f6r\u00fclig- beetet\u00e9sig mehetnek az elej\u00e9r\u0151l a k\u00e9pek) K\u00fcrtsz\u00f3ra indult a megm\u00e9rettet\u00e9s, ahol kiemelt szerep jutott a gyerekeknek is, hiszen a horg\u00e1szokn\u00e1l is a csal\u00e1d [&hellip;]<\/p>\n","protected":false},"author":2,"featured_media":0,"comment_status":"closed","ping_status":"closed","sticky":false,"template":"","format":"standard","meta":[],"categories":[9],"tags":[],"_links":{"self":[{"href":"http:\/\/archiv.szolnoktv.hu\/index.php?rest_route=\/wp\/v2\/posts\/9252"}],"collection":[{"href":"http:\/\/archiv.szolnoktv.hu\/index.php?rest_route=\/wp\/v2\/posts"}],"about":[{"href":"http:\/\/archiv.szolnoktv.hu\/index.php?rest_route=\/wp\/v2\/types\/post"}],"author":[{"embeddable":true,"href":"http:\/\/archiv.szolnoktv.hu\/index.php?rest_route=\/wp\/v2\/users\/2"}],"replies":[{"embeddable":true,"href":"http:\/\/archiv.szolnoktv.hu\/index.php?rest_route=%2Fwp%2Fv2%2Fcomments&post=9252"}],"version-history":[{"count":1,"href":"http:\/\/archiv.szolnoktv.hu\/index.php?rest_route=\/wp\/v2\/posts\/9252\/revisions"}],"predecessor-version":[{"id":9323,"href":"http:\/\/archiv.szolnoktv.hu\/index.php?rest_route=\/wp\/v2\/posts\/9252\/revisions\/9323"}],"wp:attachment":[{"href":"http:\/\/archiv.szolnoktv.hu\/index.php?rest_route=%2Fwp%2Fv2%2Fmedia&parent=9252"}],"wp:term":[{"taxonomy":"category","embeddable":true,"href":"http:\/\/archiv.szolnoktv.hu\/index.php?rest_route=%2Fwp%2Fv2%2Fcategories&post=9252"},{"taxonomy":"post_tag","embeddable":true,"href":"http:\/\/archiv.szolnoktv.hu\/index.php?rest_route=%2Fwp%2Fv2%2Ftags&post=9252"}],"curies":[{"name":"wp","href":"https:\/\/api.w.org\/{rel}","templated":true}]}}