{"id":9250,"date":"2018-06-11T14:27:52","date_gmt":"2018-06-11T14:27:52","guid":{"rendered":"http:\/\/archiv.szolnoktv.hu\/?p=9250"},"modified":"2021-08-14T14:27:51","modified_gmt":"2021-08-14T14:27:51","slug":"10-eves-a-szolnok-varosi-ovodak","status":"publish","type":"post","link":"http:\/\/archiv.szolnoktv.hu\/?p=9250","title":{"rendered":"10 \u00e9ves a Szolnok V\u00e1rosi \u00d3vod\u00e1k"},"content":{"rendered":"<div class='booster-block booster-read-block'><\/div><p> -Felel\u0151ss\u00e9g\u00fcnknek, k\u00f6teless\u00e9g\u00fcnknek tartjuk pedag\u00f3giai, szakmai szerepv\u00e1llal\u00e1sunk, mely meghat\u00e1roz\u00f3 a v\u00e1ros elj\u00f6vend\u0151 nemzed\u00e9k\u00e9nek nevel\u00e9s\u00e9ben&#8221;  &#8211;   ezekkel a szavakkal k\u00f6sz\u00f6nt\u00f6tte az egybegy\u0171lteket Ferenczn\u00e9 Teleky \u00c9va igazgat\u00f3 \u00fcnnepi besz\u00e9d\u00e9ben. A 10. sz\u00fclet\u00e9snapj\u00e1t \u00fcnnepl\u0151 Szolnok V\u00e1rosi \u00d3vod\u00e1k el\u0151sz\u00f6r rendezett g\u00e1l\u00e1t, abb\u00f3l a c\u00e9lb\u00f3l, hogy bemutass\u00e1k az \u00f3vod\u00e1kban zajl\u00f3 szakmai munk\u00e1t. <\/p>\n<p>-Mi feln\u0151ttek, \u00f6n\u00f6k a sz\u00fcl\u0151k akkor lehet\u00fcnk el\u00e9gedettek, ha l\u00e1tjuk, hogy a gyerekeinkben rejl\u0151 adotts\u00e1gok felsz\u00ednre ker\u00fclnek. Az a dolgunk hogy a zsenge kis magvacsk\u00e1kat sz\u00e1rba sz\u00f6kkents\u00fck. Az el\u0151ad\u00e1sokban megjelenik int\u00e9zm\u00e9nyeink szellemis\u00e9ge \u00e9s \u00e9rt\u00e9krendje. &#8211;<br \/>A k\u00f6sz\u00f6nt\u0151 ut\u00e1n a Csicserg\u0151 Tagint\u00e9zm\u00e9ny apr\u00f3s\u00e1gai l\u00e9ptek el\u0151sz\u00f6r sz\u00ednpadra. A S\u00fcni csoport Csuk\u00e1s Istv\u00e1n: S\u00fcn Bal\u00e1zs c\u00edm\u0171 verses mes\u00e9j\u00e9t adta el\u0151. <br \/> \u00d5ket az Eszterl\u00e1nc Tagint\u00e9zm\u00e9ny k\u00f6vette. A gyerekek dalf\u0171z\u00e9st mutattak be \u00e9l\u0151zenei k\u00eds\u00e9rettel. <br \/>A g\u00e1l\u00e1n minden tagint\u00e9zm\u00e9ny bemutatkozott. A Szolnok V\u00e1rosi \u00d3vod\u00e1k a megyesz\u00e9khely eg\u00e9sz ter\u00fclet\u00e9n 19 tagint\u00e9zm\u00e9nyben mintegy 2000 kisgyermek sz\u00e1m\u00e1ra biztos\u00edt \u00f3vodai ell\u00e1t\u00e1st. <br \/>\u00d6sszesen 360 \u00f3vodapedag\u00f3gus \u00e9s a nevel\u0151-oktat\u00f3 munk\u00e1t seg\u00edt\u0151 biztos\u00edtja a kicsik harmonikus szem\u00e9lyis\u00e9gfejl\u0151d\u00e9s\u00e9t. <\/p>\n<div style=\"width: 640px;\" class=\"wp-video\"><!--[if lt IE 9]><script>document.createElement('video');<\/script><![endif]-->\n<video class=\"wp-video-shortcode\" id=\"video-9250-1\" width=\"640\" height=\"360\" preload=\"metadata\" controls=\"controls\"><source type=\"video\/mp4\" src=\"\/spots\/hir\/hir_180611_01.mp4?_=1\" \/><a href=\"\/spots\/hir\/hir_180611_01.mp4\">\/spots\/hir\/hir_180611_01.mp4<\/a><\/video><\/div>\n","protected":false},"excerpt":{"rendered":"<p>-Felel\u0151ss\u00e9g\u00fcnknek, k\u00f6teless\u00e9g\u00fcnknek tartjuk pedag\u00f3giai, szakmai szerepv\u00e1llal\u00e1sunk, mely meghat\u00e1roz\u00f3 a v\u00e1ros elj\u00f6vend\u0151 nemzed\u00e9k\u00e9nek nevel\u00e9s\u00e9ben&#8221; &#8211; ezekkel a szavakkal k\u00f6sz\u00f6nt\u00f6tte az egybegy\u0171lteket Ferenczn\u00e9 Teleky \u00c9va igazgat\u00f3 \u00fcnnepi besz\u00e9d\u00e9ben. A 10. sz\u00fclet\u00e9snapj\u00e1t \u00fcnnepl\u0151 Szolnok V\u00e1rosi \u00d3vod\u00e1k el\u0151sz\u00f6r rendezett g\u00e1l\u00e1t, abb\u00f3l a c\u00e9lb\u00f3l, hogy bemutass\u00e1k az \u00f3vod\u00e1kban zajl\u00f3 szakmai munk\u00e1t. -Mi feln\u0151ttek, \u00f6n\u00f6k a sz\u00fcl\u0151k akkor lehet\u00fcnk el\u00e9gedettek, ha [&hellip;]<\/p>\n","protected":false},"author":2,"featured_media":0,"comment_status":"closed","ping_status":"closed","sticky":false,"template":"","format":"standard","meta":[],"categories":[9],"tags":[],"_links":{"self":[{"href":"http:\/\/archiv.szolnoktv.hu\/index.php?rest_route=\/wp\/v2\/posts\/9250"}],"collection":[{"href":"http:\/\/archiv.szolnoktv.hu\/index.php?rest_route=\/wp\/v2\/posts"}],"about":[{"href":"http:\/\/archiv.szolnoktv.hu\/index.php?rest_route=\/wp\/v2\/types\/post"}],"author":[{"embeddable":true,"href":"http:\/\/archiv.szolnoktv.hu\/index.php?rest_route=\/wp\/v2\/users\/2"}],"replies":[{"embeddable":true,"href":"http:\/\/archiv.szolnoktv.hu\/index.php?rest_route=%2Fwp%2Fv2%2Fcomments&post=9250"}],"version-history":[{"count":1,"href":"http:\/\/archiv.szolnoktv.hu\/index.php?rest_route=\/wp\/v2\/posts\/9250\/revisions"}],"predecessor-version":[{"id":9325,"href":"http:\/\/archiv.szolnoktv.hu\/index.php?rest_route=\/wp\/v2\/posts\/9250\/revisions\/9325"}],"wp:attachment":[{"href":"http:\/\/archiv.szolnoktv.hu\/index.php?rest_route=%2Fwp%2Fv2%2Fmedia&parent=9250"}],"wp:term":[{"taxonomy":"category","embeddable":true,"href":"http:\/\/archiv.szolnoktv.hu\/index.php?rest_route=%2Fwp%2Fv2%2Fcategories&post=9250"},{"taxonomy":"post_tag","embeddable":true,"href":"http:\/\/archiv.szolnoktv.hu\/index.php?rest_route=%2Fwp%2Fv2%2Ftags&post=9250"}],"curies":[{"name":"wp","href":"https:\/\/api.w.org\/{rel}","templated":true}]}}