{"id":9249,"date":"2018-06-08T18:10:34","date_gmt":"2018-06-08T18:10:34","guid":{"rendered":"http:\/\/archiv.szolnoktv.hu\/?p=9249"},"modified":"2021-08-14T14:27:51","modified_gmt":"2021-08-14T14:27:51","slug":"elindult-a-szolnoki-dal-napja-2018","status":"publish","type":"post","link":"http:\/\/archiv.szolnoktv.hu\/?p=9249","title":{"rendered":"Elindult a  Szolnoki Dal Napja 2018"},"content":{"rendered":"<div class='booster-block booster-read-block'><\/div><p> A Bart\u00f3k B\u00e9la Zeneiskola Big Bandje nyitotta meg a Szolnoki Dal napj\u00e1t ma d\u00e9lut\u00e1n a Hild t\u00e9ren. B\u00e1r \u0151k Szolnokon ismert csapatnak sz\u00e1m\u00edtanak, \u00f6r\u00fcltek az \u00fajabb fell\u00e9p\u00e9si lehet\u0151s\u00e9gnek,. <\/p>\n<p>&#8211; Nagyon fontos az \u00f6sszefog\u00e1s \u00e9s az, hogy a szolnoki zen\u00e9szek megismerj\u00e9k egym\u00e1st \u00e9s tudjanak egy\u00fctt muzsik\u00e1lni.  \u00c9s hogy jobb kapcsolat legyen a a fiatalabb \u00e9s az id\u0151sebb koroszt\u00e1ly k\u00f6z\u00f6tt. &#8211; &#8211; mondta Farkas R\u00f3bert, vezet\u0151<\/p>\n<p>Hasonl\u00f3an v\u00e9lekedik a dark rock egy\u00fcttes, a -Moln\u00e1r R\u00f3bert Band&#8221; frontembere is. <\/p>\n<p>-Mindenki mindig mondja azt, hogy nem ismerik egym\u00e1st a szolnoki zenekarok, meg milyen rossz, hogy a szolnoki szervez\u0151k nem szolnoki zenekarokat  l\u00e9ptetnek fel, hanem leh\u00edvnak t\u00e1tog\u00f3s dolgokat \u00e9s ez az\u00e9rt van, mert a szervez\u0151k nem tudj\u00e1k, hogy milyen bitang j\u00f3 band\u00e1k vannak. \u00c9s a szolnoki zenekarok sem fogtak \u00f6ssze \u00fagy, hogy csin\u00e1ljanak saj\u00e1t fesztiv\u00e1lt. Vagy elmenjenek k\u00f6z\u00f6sen turn\u00e9zni. Most viszont ez lehet\u0151s\u00e9get teremt, emiatt bitang j\u00f3 az eg\u00e9sz. &#8211;<\/p>\n<p> A Big Band ut\u00e1n m\u00e1r egy kicsit kem\u00e9nyebb m\u0171faj k\u00f6vetkezett: <br \/>A legkem\u00e9nyebb metalt\u00f3l a rapen \u00e9s popon \u00e1t szinte minden m\u0171faj felsorakozik. <\/p>\n<p>Az esem\u00e9ny c\u00e9lja a szolnoki k\u00f6nny\u0171zenei \u00e9let \u00e9s a k\u00f6nny\u0171zenei k\u00f6z\u00f6ss\u00e9g \u00e9p\u00edt\u00e9se, min\u0151s\u00e9gi pr\u00f3bahelyek l\u00e9tes\u00edt\u00e9se, a k\u00f6nny\u0171zene k\u00e9pz\u00e9s\u00e9nek el\u0151seg\u00edt\u00e9se, \u00e9s koncertek szervez\u00e9se, t\u00e1mogat\u00e1sa.\u00a0 &#8211; mondj\u00e1k a szervez\u0151k.<\/p>\n<p>-Szeretn\u00e9nk \u00f6sszefogni a szolnoki k\u00f6nny\u0171zenei \u00e9letet, k\u00f6z\u00f6ss\u00e9gi \u00e9letet, hogy a zenekarok tal\u00e1lkozzanak egym\u00e1ssal. Ez egy nagy buli, egy nagy k\u00f6z\u00f6ss\u00e9gi program, azt szeretn\u00e9nk el\u00e9rni, hogy mindannyian \u00e9rezz\u00fck itt j\u00f3l magunkat. Az \u00e9l\u0151 zen\u00e9t kedvel\u0151 zen\u00e9szek \u00e9s a k\u00f6z\u00f6ns\u00e9g is.&#8221; &#8211; mondta Bujdos\u00f3 L\u00e1szl\u00f3, technikai vezet\u0151. <\/p>\n<p>\u00d6sszesen 27 csapat l\u00e9p fel a k\u00e9t nap alatt. K\u00f6z\u00fcl\u00fck 8 csapat versenybe is sz\u00e1ll egym\u00e1ssal, h\u00e1rom tag\u00fa zs\u0171ri K\u00f6z\u00fcl\u00fck nyolcan pedig vers Term\u00e9szetesen a Szolnok Telev\u00edzi\u00f3 sem marad le a Szolnoki Dal Napj\u00e1r\u00f3l. Mindk\u00e9t napon: ma \u00e9jf\u00e9lig, illetve szombaton d\u00e9lut\u00e1n 15 \u00f3r\u00e1t\u00f3l kifullad\u00e1sig Facebook oldalunkon \u00e9l\u0151ben k\u00f6zvet\u00edtj\u00fck a szolnoki zenekarok fesztiv\u00e1lj\u00e1t. <\/p>\n<div style=\"width: 640px;\" class=\"wp-video\"><!--[if lt IE 9]><script>document.createElement('video');<\/script><![endif]-->\n<video class=\"wp-video-shortcode\" id=\"video-9249-1\" width=\"640\" height=\"360\" preload=\"metadata\" controls=\"controls\"><source type=\"video\/mp4\" src=\"\/spots\/hir\/hir_180608_05.mp4?_=1\" \/><a href=\"\/spots\/hir\/hir_180608_05.mp4\">\/spots\/hir\/hir_180608_05.mp4<\/a><\/video><\/div>\n","protected":false},"excerpt":{"rendered":"<p>A Bart\u00f3k B\u00e9la Zeneiskola Big Bandje nyitotta meg a Szolnoki Dal napj\u00e1t ma d\u00e9lut\u00e1n a Hild t\u00e9ren. B\u00e1r \u0151k Szolnokon ismert csapatnak sz\u00e1m\u00edtanak, \u00f6r\u00fcltek az \u00fajabb fell\u00e9p\u00e9si lehet\u0151s\u00e9gnek,. &#8211; Nagyon fontos az \u00f6sszefog\u00e1s \u00e9s az, hogy a szolnoki zen\u00e9szek megismerj\u00e9k egym\u00e1st \u00e9s tudjanak egy\u00fctt muzsik\u00e1lni. \u00c9s hogy jobb kapcsolat legyen a a fiatalabb \u00e9s az [&hellip;]<\/p>\n","protected":false},"author":2,"featured_media":0,"comment_status":"closed","ping_status":"closed","sticky":false,"template":"","format":"standard","meta":[],"categories":[9],"tags":[],"_links":{"self":[{"href":"http:\/\/archiv.szolnoktv.hu\/index.php?rest_route=\/wp\/v2\/posts\/9249"}],"collection":[{"href":"http:\/\/archiv.szolnoktv.hu\/index.php?rest_route=\/wp\/v2\/posts"}],"about":[{"href":"http:\/\/archiv.szolnoktv.hu\/index.php?rest_route=\/wp\/v2\/types\/post"}],"author":[{"embeddable":true,"href":"http:\/\/archiv.szolnoktv.hu\/index.php?rest_route=\/wp\/v2\/users\/2"}],"replies":[{"embeddable":true,"href":"http:\/\/archiv.szolnoktv.hu\/index.php?rest_route=%2Fwp%2Fv2%2Fcomments&post=9249"}],"version-history":[{"count":1,"href":"http:\/\/archiv.szolnoktv.hu\/index.php?rest_route=\/wp\/v2\/posts\/9249\/revisions"}],"predecessor-version":[{"id":9326,"href":"http:\/\/archiv.szolnoktv.hu\/index.php?rest_route=\/wp\/v2\/posts\/9249\/revisions\/9326"}],"wp:attachment":[{"href":"http:\/\/archiv.szolnoktv.hu\/index.php?rest_route=%2Fwp%2Fv2%2Fmedia&parent=9249"}],"wp:term":[{"taxonomy":"category","embeddable":true,"href":"http:\/\/archiv.szolnoktv.hu\/index.php?rest_route=%2Fwp%2Fv2%2Fcategories&post=9249"},{"taxonomy":"post_tag","embeddable":true,"href":"http:\/\/archiv.szolnoktv.hu\/index.php?rest_route=%2Fwp%2Fv2%2Ftags&post=9249"}],"curies":[{"name":"wp","href":"https:\/\/api.w.org\/{rel}","templated":true}]}}