{"id":9247,"date":"2018-06-08T17:01:41","date_gmt":"2018-06-08T17:01:41","guid":{"rendered":"http:\/\/archiv.szolnoktv.hu\/?p=9247"},"modified":"2021-08-14T14:27:52","modified_gmt":"2021-08-14T14:27:52","slug":"energy-school-felevzaro","status":"publish","type":"post","link":"http:\/\/archiv.szolnoktv.hu\/?p=9247","title":{"rendered":"Energy School f\u00e9l\u00e9vz\u00e1r\u00f3"},"content":{"rendered":"<div class='booster-block booster-read-block'><\/div><p>K\u00f6z\u00e9ppontban a meg\u00fajul\u00f3 energia. A programban r\u00e9sztvev\u0151 di\u00e1kok el\u0151sz\u00f6r elm\u00e9leti tananyagon kereszt\u00fcl tudhatt\u00e1k meg mi a k\u00fcl\u00f6nbs\u00e9g a meg\u00fajul\u00f3 \u00e9s a nem meg\u00fajul\u00f3 energia k\u00f6z\u00f6tt. Az el\u0151ad\u00f3k gyakorlati elemeket is be\u00e9p\u00edtettek, hiszen megmutatt\u00e1k a Smart Meter, ami azt jelenti: okos m\u00e9r\u0151. K\u00e9s\u0151bb pedig k\u00fcl\u00f6nb\u00f6z\u0151 teljes\u00edtm\u00e9ny\u0171 izz\u00f3k fogyaszt\u00e1s\u00e1t m\u00e9rhett\u00e9k meg. A v\u00e1rosh\u00e1za udvar\u00e1n pedig k\u00e9t \u00e9rdekes eszk\u00f6zzel is megismerkedhettek. Az egyik az okos h\u00e1z kicsiben, amiben minden egy napelem seg\u00edts\u00e9g\u00e9vel m\u0171k\u00f6dik.<\/p>\n<p>-Arra az oldalra, ahol a legt\u00f6bbet \u00e9ri a Nap. D\u00e9li esetleg a nyugati fekv\u00e9se lehet.&#8221;<\/p>\n<p>De nem csak ezt a h\u00e1zat l\u00e1thatt\u00e1k, hanem az \u00fagynevezett Nap-kemenc\u00e9t is, amiben a Nap energi\u00e1j\u00e1t felhaszn\u00e1lva fondantot olvasztottak meg.<\/p>\n<p>-K\u00e9t f\u00e9le energiaforr\u00e1st ismer\u00fcnk. Meg\u00fajul\u00f3 \u00e9s nem meg\u00fajul\u00f3 energiaforr\u00e1st. Nem meg\u00fajul\u00f3 p\u00e9ld\u00e1ul a k\u0151olaj vagy azok a dolgok, amiket nem haszn\u00e1lunk t\u00f6bbsz\u00f6r. Meg\u00fajul\u00f3 p\u00e9ld\u00e1ul a nap, a sz\u00e9l \u00e9s a v\u00edzenergia.&#8221;  &#8211;   mondta Demeter Mih\u00e1ly.<\/p>\n<p>-Meg kell termelni ugye az energiat\u00e1, az \u00e1ramot a vizet meg nem lehet pocs\u00e9kolni, hanem el kell z\u00e1rni. A v\u00edznek \u00fagy kell, hogy nem pocs\u00e9kolni, hanem elz\u00e1rni \u00e9s fontos, hogy rendesen el legyen z\u00e1rva a csap.&#8221;  &#8211;   mondta Rab L\u00e1szl\u00f3 Zolt\u00e1n.<\/p>\n<p>Az Energy School projektben h\u00e9t orsz\u00e1g egy\u00fcttm\u0171k\u00f6d\u00e9se 41 iskol\u00e1ban az energiagazd\u00e1lkod\u00e1s kult\u00far\u00e1j\u00e1nak fejleszt\u00e9s\u00e9t szolg\u00e1lja, valamint a j\u00f3 gyakorlatok sz\u00e9lesk\u00f6r\u0171 hasznos\u00edt\u00e1s\u00e1t.<\/p>\n<div style=\"width: 640px;\" class=\"wp-video\"><!--[if lt IE 9]><script>document.createElement('video');<\/script><![endif]-->\n<video class=\"wp-video-shortcode\" id=\"video-9247-1\" width=\"640\" height=\"360\" preload=\"metadata\" controls=\"controls\"><source type=\"video\/mp4\" src=\"\/spots\/hir\/hir_180608_02.mp4?_=1\" \/><a href=\"\/spots\/hir\/hir_180608_02.mp4\">\/spots\/hir\/hir_180608_02.mp4<\/a><\/video><\/div>\n","protected":false},"excerpt":{"rendered":"<p>K\u00f6z\u00e9ppontban a meg\u00fajul\u00f3 energia. A programban r\u00e9sztvev\u0151 di\u00e1kok el\u0151sz\u00f6r elm\u00e9leti tananyagon kereszt\u00fcl tudhatt\u00e1k meg mi a k\u00fcl\u00f6nbs\u00e9g a meg\u00fajul\u00f3 \u00e9s a nem meg\u00fajul\u00f3 energia k\u00f6z\u00f6tt. Az el\u0151ad\u00f3k gyakorlati elemeket is be\u00e9p\u00edtettek, hiszen megmutatt\u00e1k a Smart Meter, ami azt jelenti: okos m\u00e9r\u0151. K\u00e9s\u0151bb pedig k\u00fcl\u00f6nb\u00f6z\u0151 teljes\u00edtm\u00e9ny\u0171 izz\u00f3k fogyaszt\u00e1s\u00e1t m\u00e9rhett\u00e9k meg. A v\u00e1rosh\u00e1za udvar\u00e1n pedig k\u00e9t \u00e9rdekes [&hellip;]<\/p>\n","protected":false},"author":2,"featured_media":0,"comment_status":"closed","ping_status":"closed","sticky":false,"template":"","format":"standard","meta":[],"categories":[9],"tags":[],"_links":{"self":[{"href":"http:\/\/archiv.szolnoktv.hu\/index.php?rest_route=\/wp\/v2\/posts\/9247"}],"collection":[{"href":"http:\/\/archiv.szolnoktv.hu\/index.php?rest_route=\/wp\/v2\/posts"}],"about":[{"href":"http:\/\/archiv.szolnoktv.hu\/index.php?rest_route=\/wp\/v2\/types\/post"}],"author":[{"embeddable":true,"href":"http:\/\/archiv.szolnoktv.hu\/index.php?rest_route=\/wp\/v2\/users\/2"}],"replies":[{"embeddable":true,"href":"http:\/\/archiv.szolnoktv.hu\/index.php?rest_route=%2Fwp%2Fv2%2Fcomments&post=9247"}],"version-history":[{"count":1,"href":"http:\/\/archiv.szolnoktv.hu\/index.php?rest_route=\/wp\/v2\/posts\/9247\/revisions"}],"predecessor-version":[{"id":9328,"href":"http:\/\/archiv.szolnoktv.hu\/index.php?rest_route=\/wp\/v2\/posts\/9247\/revisions\/9328"}],"wp:attachment":[{"href":"http:\/\/archiv.szolnoktv.hu\/index.php?rest_route=%2Fwp%2Fv2%2Fmedia&parent=9247"}],"wp:term":[{"taxonomy":"category","embeddable":true,"href":"http:\/\/archiv.szolnoktv.hu\/index.php?rest_route=%2Fwp%2Fv2%2Fcategories&post=9247"},{"taxonomy":"post_tag","embeddable":true,"href":"http:\/\/archiv.szolnoktv.hu\/index.php?rest_route=%2Fwp%2Fv2%2Ftags&post=9247"}],"curies":[{"name":"wp","href":"https:\/\/api.w.org\/{rel}","templated":true}]}}