{"id":9245,"date":"2018-06-08T15:44:43","date_gmt":"2018-06-08T15:44:43","guid":{"rendered":"http:\/\/archiv.szolnoktv.hu\/?p=9245"},"modified":"2021-08-14T14:27:52","modified_gmt":"2021-08-14T14:27:52","slug":"atadtak-a-pro-talento-es-a-szolnoki-tankeruleti-kozpont-kivalo-szakembere-dijat","status":"publish","type":"post","link":"http:\/\/archiv.szolnoktv.hu\/?p=9245","title":{"rendered":"\u00c1tadt\u00e1k a Pro Talento \u00e9s a -Szolnoki Tanker\u00fcleti K\u00f6zpont Kiv\u00e1l\u00f3 Szakembere&#8221; d\u00edjat<br>"},"content":{"rendered":"<div class='booster-block booster-read-block'><\/div><p>A hagyom\u00e1ny id\u00e9n is folytat\u00f3dott. A Szolnoki Tanker\u00fcleti K\u00f6zpont pedag\u00f3gus napi \u00fcnneps\u00e9g\u00e9n 20. alkalommal adt\u00e1k \u00e1t a Pro Talento d\u00edjat. Az eml\u00e9k\u00e9rmet id\u00e9n 3 pedag\u00f3gusnak \u00edt\u00e9lt\u00e9k meg. A tan\u00e1rok a vegy\u00e9szet, zene \u00e9s a sport ter\u00fclet\u00e9n v\u00e9geznek \u00e9vek \u00f3ta kiemelked\u0151 tehets\u00e9ggondoz\u00f3 munk\u00e1t. Id\u00e9n a P\u00e1ly- V\u00edz\u00fcgyi Szakgimn\u00e1zium vegy\u00e9szm\u00e9rn\u00f6k tan\u00e1ra Szekeres Erzs\u00e9bet, a Szolnoki Bart\u00f3k B\u00e9la Zeneiskola k\u00fcrt oktat\u00f3ja Cs\u00e1ki K\u00e1lm\u00e1n, valamint a Fiumei \u00dati \u00c1ltal\u00e1nos Iskola testnevel\u00e9s tan\u00e1ra Bodonyi \u00c1kos vehette \u00e1t az eml\u00e9kplakettet.<\/p>\n<p>-Nagyon sokf\u00e9le tehets\u00e9g l\u00e9tezik. Term\u00e9szetesen a sportban is el\u0151j\u00f6nnek azok a tehets\u00e9gek, akik k\u00e9s\u0151bb nagyon komoly produktumot tudnak letenni. De \u00fagy gondolom, hogy minden di\u00e1kban ott van. A mi feladatunk az, hogy megtal\u00e1ljuk \u00e9s a megfelel\u0151 ir\u00e1nyba ir\u00e1ny\u00edtsuk \u0151ket. \u00c9n term\u00e9szetesen a r\u00f6plabda \u00e1ltal tudtam n\u00e9h\u00e1ny tehets\u00e9ges tanul\u00f3t olyan ir\u00e1nyba terelni, amivel \u0151k eredm\u00e9nyesek tudtak lenni.&#8221;- mondta Bodonyi \u00c1kos a Fiumei \u00dati \u00c1ltal\u00e1nos Iskola testnevel\u0151 tan\u00e1ra.<\/p>\n<p>Az elm\u00falt 19 \u00e9v alatt a kit\u00fcntet\u00e9st 78 pedag\u00f3gus kapta meg. A d\u00edj \u00e1tad\u00e1s\u00e1t 2015 \u00f3ta a J\u00e1sz-Nagykun-Szolnok Tehets\u00e9gseg\u00edt\u0151 Tan\u00e1cs a Szolnoki Tanker\u00fcleti K\u00f6zpont \u00e9s a Megyei Pedag\u00f3giai Szakszolg\u00e1lat gondozza.<\/p>\n<p>-Nagyon komoly \u00fczenete van, hogy k\u00fcl\u00f6nb\u00f6z\u0151 int\u00e9zm\u00e9nyekhez k\u00f6t\u0151dik int\u00e9zm\u00e9nykehez k\u00f6t\u0151dik az idei d\u00edjazottak, ak\u00e1r a tan\u00e1rok, ak\u00e1r a gyerekek k\u00f6z\u00f6tt ez mutatja azt, hogy nagyon sz\u00e9les tev\u00e9kenys\u00e9gi rendszerben: m\u0171v\u00e9szetoktat\u00e1st\u00f3l, szakk\u00e9pz\u0151 int\u00e9zm\u00e9nyig sz\u00e9les tev\u00e9kenys\u00e9gi rendszerben besz\u00e9lhet\u00fcnk ma m\u00e1r tehets\u00e9gekr\u0151l. Nem n\u00e9h\u00e1ny iskola saj\u00e1tja, egy-k\u00e9t iskola t\u00edpus saj\u00e1tja. Ez j\u00f3 \u00e9s ez az ott dolgoz\u00f3k munk\u00e1j\u00e1t becs\u00fcli mindenk\u00e9ppen.&#8221;- mondta Dr. K\u00e1llai M\u00e1ria a JNSZ Tehets\u00e9gseg\u00edt\u0151 Tan\u00e1cs eln\u00f6ke.<\/p>\n<p>Az \u00fcnneps\u00e9gen a -Szolnoki Tanker\u00fcleti K\u00f6zpont Kiv\u00e1l\u00f3 Szakembere&#8221; d\u00edjat els\u0151 alkalommal adt\u00e1k \u00e1t. Az elismer\u00e9st a tanker\u00fclet kiv\u00e1l\u00f3 pedag\u00f3gusa, fiatal pedag\u00f3gusa \u00e9s dolgoz\u00f3ja kateg\u00f3ri\u00e1kban vehett\u00e9k \u00e1t a d\u00edjra jel\u00f6ltek. <\/p>\n<p>-T\u00f6bb ter\u00fclten v\u00e9gzem a szakszolg\u00e1latn\u00e1l a munk\u00e1mat. Korai fejleszt\u00e9s, diagnosztika els\u0151sorban, mindemellett pedig int\u00e9zm\u00e9nyekben is dolgozom. Szerintem ez lehetett az oka ennek. Bels\u0151 sugallat, hogy ezt kell csin\u00e1lni. A gyerekeket szeretem \u00e9s nagyon \u00e9rdekelt, hogy mi lehet ezeknek a probl\u00e9m\u00e1knak a h\u00e1tter\u00e9ben.&#8221;- mes\u00e9lte Fadgyas-Sz\u00e9kely Orsolya a JNSZM Pedag\u00f3giai Szakszolg\u00e1lat gy\u00f3gypedag\u00f3gusa.<\/p>\n<p>A -Szolnoki Tanker\u00fcleti K\u00f6zpont Kiv\u00e1l\u00f3 Szakembere&#8221; d\u00edjat 21 kiemelked\u0151 teljes\u00edtm\u00e9nyt ny\u00fajt\u00f3 pedag\u00f3gus \u00e9s dolgoz\u00f3 vehette \u00e1t.<\/p>\n<p>-Igazgat\u00f3ink, int\u00e9zm\u00e9nyvezet\u0151ink biztat\u00e1s\u00e1ra sz\u00fcletett meg a kiv\u00e1l\u00f3 pedag\u00f3gus, illetve ifj\u00fa pedag\u00f3gus d\u00edj is. Hiszen \u0151k \u00e9rzik a legjobban, hogy milyen sok kiv\u00e1l\u00f3 pedag\u00f3gus van a tantest\u00fcletekben.&#8221;- mondta Szutorisz-Sz\u00fcgyi Csongor a Szolnoki Tanker\u00fcleti K\u00f6zpont igazgat\u00f3ja.<\/p>\n<p>A tanker\u00fcleti k\u00f6zpont pedag\u00f3gus napi \u00fcnneps\u00e9g\u00e9t ilyen m\u00f3don els\u0151 alkalommal, de hagyom\u00e1nyteremt\u0151 sz\u00e1nd\u00e9kkal rendezte meg.<\/p>\n<div style=\"width: 640px;\" class=\"wp-video\"><!--[if lt IE 9]><script>document.createElement('video');<\/script><![endif]-->\n<video class=\"wp-video-shortcode\" id=\"video-9245-1\" width=\"640\" height=\"360\" preload=\"metadata\" controls=\"controls\"><source type=\"video\/mp4\" src=\"\/spots\/hir\/hir_180608_01.mp4?_=1\" \/><a href=\"\/spots\/hir\/hir_180608_01.mp4\">\/spots\/hir\/hir_180608_01.mp4<\/a><\/video><\/div>\n","protected":false},"excerpt":{"rendered":"<p>A hagyom\u00e1ny id\u00e9n is folytat\u00f3dott. A Szolnoki Tanker\u00fcleti K\u00f6zpont pedag\u00f3gus napi \u00fcnneps\u00e9g\u00e9n 20. alkalommal adt\u00e1k \u00e1t a Pro Talento d\u00edjat. Az eml\u00e9k\u00e9rmet id\u00e9n 3 pedag\u00f3gusnak \u00edt\u00e9lt\u00e9k meg. A tan\u00e1rok a vegy\u00e9szet, zene \u00e9s a sport ter\u00fclet\u00e9n v\u00e9geznek \u00e9vek \u00f3ta kiemelked\u0151 tehets\u00e9ggondoz\u00f3 munk\u00e1t. Id\u00e9n a P\u00e1ly- V\u00edz\u00fcgyi Szakgimn\u00e1zium vegy\u00e9szm\u00e9rn\u00f6k tan\u00e1ra Szekeres Erzs\u00e9bet, a Szolnoki Bart\u00f3k B\u00e9la [&hellip;]<\/p>\n","protected":false},"author":2,"featured_media":0,"comment_status":"closed","ping_status":"closed","sticky":false,"template":"","format":"standard","meta":[],"categories":[9],"tags":[],"_links":{"self":[{"href":"http:\/\/archiv.szolnoktv.hu\/index.php?rest_route=\/wp\/v2\/posts\/9245"}],"collection":[{"href":"http:\/\/archiv.szolnoktv.hu\/index.php?rest_route=\/wp\/v2\/posts"}],"about":[{"href":"http:\/\/archiv.szolnoktv.hu\/index.php?rest_route=\/wp\/v2\/types\/post"}],"author":[{"embeddable":true,"href":"http:\/\/archiv.szolnoktv.hu\/index.php?rest_route=\/wp\/v2\/users\/2"}],"replies":[{"embeddable":true,"href":"http:\/\/archiv.szolnoktv.hu\/index.php?rest_route=%2Fwp%2Fv2%2Fcomments&post=9245"}],"version-history":[{"count":1,"href":"http:\/\/archiv.szolnoktv.hu\/index.php?rest_route=\/wp\/v2\/posts\/9245\/revisions"}],"predecessor-version":[{"id":9330,"href":"http:\/\/archiv.szolnoktv.hu\/index.php?rest_route=\/wp\/v2\/posts\/9245\/revisions\/9330"}],"wp:attachment":[{"href":"http:\/\/archiv.szolnoktv.hu\/index.php?rest_route=%2Fwp%2Fv2%2Fmedia&parent=9245"}],"wp:term":[{"taxonomy":"category","embeddable":true,"href":"http:\/\/archiv.szolnoktv.hu\/index.php?rest_route=%2Fwp%2Fv2%2Fcategories&post=9245"},{"taxonomy":"post_tag","embeddable":true,"href":"http:\/\/archiv.szolnoktv.hu\/index.php?rest_route=%2Fwp%2Fv2%2Ftags&post=9245"}],"curies":[{"name":"wp","href":"https:\/\/api.w.org\/{rel}","templated":true}]}}