{"id":9244,"date":"2018-06-07T18:44:50","date_gmt":"2018-06-07T18:44:50","guid":{"rendered":"http:\/\/archiv.szolnoktv.hu\/?p=9244"},"modified":"2021-08-14T14:27:52","modified_gmt":"2021-08-14T14:27:52","slug":"megnyilt-a-89-unnepi-konyvhet","status":"publish","type":"post","link":"http:\/\/archiv.szolnoktv.hu\/?p=9244","title":{"rendered":"Megny\u00edlt a 89. \u00dcnnepi K\u00f6nyvh\u00e9t"},"content":{"rendered":"<div class='booster-block booster-read-block'><\/div><p> Olvasni j\u00f3. Hasznos \u00e9s elengedhetetlen. \u00c9vr\u0151l- \u00e9vre ezt igyekszik tudatos\u00edtani az \u00dcnnepi K\u00f6nyvh\u00e9t, mely egyar\u00e1nt sz\u00f3l az olvas\u00e1s szerelmeseinek \u00e9s az azt ma m\u00e9g elvet\u0151knek is. A sorrendben 89. k\u00f6nyvhetet Szalay Ferenc  nyitotta meg. A polg\u00e1rmester szem\u00e9lyes \u00e9lm\u00e9nyeir\u0151l besz\u00e9lt. <\/p>\n<p>&#8211; N\u00e1lunk ez otthon \u00fagy m\u0171k\u00f6d\u00f6tt, hogy musz\u00e1j volt elolvasnunk a k\u00f6nyveket. Apuk\u00e1m gy\u0171jt\u00f6tte, nek\u00fcnk olvasni kellett, olvastuk. Mikor ehhez hozz\u00e1szoktunk, mi is olvastattuk az ut\u00e1nunk k\u00f6vetkez\u0151 testv\u00e9reket. \u00c9s m,ost hogy gyerekeim \u00e9s unok\u00e1im vannak, \u00fajra el\u0151j\u00f6n az, hogy nekem apuk\u00e1m mit mondott. \u00c9s olvasnak a gyerekeink, unok\u00e1ink is. &#8212; mondta   Szalay Ferenc, polg\u00e1rmester. <\/p>\n<p>A szolnoki programok szervez\u00e9s\u00e9t els\u0151sorban a Verseghy K\u00f6nyvt\u00e1r bonyol\u00edtja, de t\u00e1rszervez\u0151k\u00e9nt a Damjanich J\u00e1nos M\u00fazeum is r\u00e9szt vett a programok \u00f6ssze\u00e1ll\u00edt\u00e1s\u00e1ban. <br \/>A megnyit\u00f3 ut\u00e1n m\u00e1r \u00e9rkeztek is az els\u0151 \u00e9rdekl\u0151d\u0151k. Volt aki a k\u00f6nyv\u00fajdons\u00e1gok, m\u00edg m\u00e1s a programok miatt l\u00e1togatott el a k\u00f6nyvh\u00e9tnek helyet ad\u00f3 Kossuth t\u00e9rre. <br \/>Az \u00dcnnepi K\u00f6nyvh\u00e9t els\u0151sorban a kort\u00e1rs magyar irodalom k\u00f6zread\u00e1s\u00e1nak \u00fcnnepe. Id\u00e9n csaknem 300 \u00faj m\u0171vel rukkoltak el\u0151 a hazai \u00edr\u00f3k, ebb\u0151l sz\u00e1z k\u00f6tet kaphat\u00f3 a Kossuth t\u00e9ri s\u00e1torban, k\u00f6zt\u00fck t\u00f6bb k\u00f6nyv szolnoki \u00edr\u00f3 toll\u00e1b\u00f3l. <br \/>A szolnoki programok eg\u00e9szen vas\u00e1rnapig folytat\u00f3dnak. A szolnoki k\u00f6nyvh\u00e9t esem\u00e9nyeir\u0151l a www.vfmk.hu oldalon olvashatnak.<br \/>\n<br \/>\n<div style=\"width: 640px;\" class=\"wp-video\"><!--[if lt IE 9]><script>document.createElement('video');<\/script><![endif]-->\n<video class=\"wp-video-shortcode\" id=\"video-9244-1\" width=\"640\" height=\"360\" preload=\"metadata\" controls=\"controls\"><source type=\"video\/mp4\" src=\"\/spots\/hir\/hir_180607_06.mp4?_=1\" \/><a href=\"\/spots\/hir\/hir_180607_06.mp4\">\/spots\/hir\/hir_180607_06.mp4<\/a><\/video><\/div><\/p>\n","protected":false},"excerpt":{"rendered":"<p>Olvasni j\u00f3. Hasznos \u00e9s elengedhetetlen. \u00c9vr\u0151l- \u00e9vre ezt igyekszik tudatos\u00edtani az \u00dcnnepi K\u00f6nyvh\u00e9t, mely egyar\u00e1nt sz\u00f3l az olvas\u00e1s szerelmeseinek \u00e9s az azt ma m\u00e9g elvet\u0151knek is. A sorrendben 89. k\u00f6nyvhetet Szalay Ferenc nyitotta meg. A polg\u00e1rmester szem\u00e9lyes \u00e9lm\u00e9nyeir\u0151l besz\u00e9lt. &#8211; N\u00e1lunk ez otthon \u00fagy m\u0171k\u00f6d\u00f6tt, hogy musz\u00e1j volt elolvasnunk a k\u00f6nyveket. Apuk\u00e1m gy\u0171jt\u00f6tte, nek\u00fcnk olvasni [&hellip;]<\/p>\n","protected":false},"author":2,"featured_media":0,"comment_status":"closed","ping_status":"closed","sticky":false,"template":"","format":"standard","meta":[],"categories":[9],"tags":[],"_links":{"self":[{"href":"http:\/\/archiv.szolnoktv.hu\/index.php?rest_route=\/wp\/v2\/posts\/9244"}],"collection":[{"href":"http:\/\/archiv.szolnoktv.hu\/index.php?rest_route=\/wp\/v2\/posts"}],"about":[{"href":"http:\/\/archiv.szolnoktv.hu\/index.php?rest_route=\/wp\/v2\/types\/post"}],"author":[{"embeddable":true,"href":"http:\/\/archiv.szolnoktv.hu\/index.php?rest_route=\/wp\/v2\/users\/2"}],"replies":[{"embeddable":true,"href":"http:\/\/archiv.szolnoktv.hu\/index.php?rest_route=%2Fwp%2Fv2%2Fcomments&post=9244"}],"version-history":[{"count":1,"href":"http:\/\/archiv.szolnoktv.hu\/index.php?rest_route=\/wp\/v2\/posts\/9244\/revisions"}],"predecessor-version":[{"id":9331,"href":"http:\/\/archiv.szolnoktv.hu\/index.php?rest_route=\/wp\/v2\/posts\/9244\/revisions\/9331"}],"wp:attachment":[{"href":"http:\/\/archiv.szolnoktv.hu\/index.php?rest_route=%2Fwp%2Fv2%2Fmedia&parent=9244"}],"wp:term":[{"taxonomy":"category","embeddable":true,"href":"http:\/\/archiv.szolnoktv.hu\/index.php?rest_route=%2Fwp%2Fv2%2Fcategories&post=9244"},{"taxonomy":"post_tag","embeddable":true,"href":"http:\/\/archiv.szolnoktv.hu\/index.php?rest_route=%2Fwp%2Fv2%2Ftags&post=9244"}],"curies":[{"name":"wp","href":"https:\/\/api.w.org\/{rel}","templated":true}]}}