{"id":9243,"date":"2018-06-07T18:11:46","date_gmt":"2018-06-07T18:11:46","guid":{"rendered":"http:\/\/archiv.szolnoktv.hu\/?p=9243"},"modified":"2021-08-14T14:27:53","modified_gmt":"2021-08-14T14:27:53","slug":"a-konyv-varazslatos-zalan-tibor-a-konyvheten","status":"publish","type":"post","link":"http:\/\/archiv.szolnoktv.hu\/?p=9243","title":{"rendered":"A k\u00f6nyv var\u00e1zslatos- Zal\u00e1n Tibor a k\u00f6nyvh\u00e9ten"},"content":{"rendered":"<div class='booster-block booster-read-block'><\/div><p>A k\u00f6nyvh\u00e9t szakmai megnyit\u00f3j\u00e1t Zal\u00e1n Tibor k\u00f6lt\u0151, \u00edr\u00f3, essz\u00e9ista tartotta a Kossuth t\u00e9ren. P\u00e9lda\u00e9rt\u00e9k\u0171 lehet\u0151s\u00e9gnek tartja a k\u00f6nyvhetet, az \u00faj k\u00edn\u00e1lattal val\u00f3 ismerked\u00e9st- mind olvas\u00f3i, mind \u00edr\u00f3i szempontb\u00f3l. <\/p>\n<p>Zal\u00e1n Tibor k\u00f6lt\u0151, \u00edr\u00f3, dr\u00e1ma\u00edr\u00f3, essz\u00e9ista: <\/p>\n<p>-&#8220;A k\u00f6nyv az m\u00e9giscsak valami var\u00e1zslatos dolog, ami titkokat rejt , mert a k\u00f6nyv az nem olyan, mint egy vide\u00f3film, hogy el\u0151re tekerem \u00e9s megn\u00e9zem a v\u00e9g\u00e9t., Megn\u00e9zhetem, de  akkor a k\u00f6zep\u00e9n valahol elmaradok. Az emberekben van egy ilyen \u00e9hs\u00e9g, hogy kiel\u00e9g\u00edts\u00e9k a fant\u00e1zi\u00e1jukat. &#8211;<\/p>\n<p>Mert a k\u00f6nyv hat legink\u00e1bb a fant\u00e1zi\u00e1ra- mondta el a Szolnokon sz\u00fcletett k\u00f6lt\u0151, aki Abonyban t\u00f6lt\u00f6tte gyermekkor\u00e1t. Kiemelte: -Nem a megr\u00e1gott \u00e9s sz\u00e1jukba adott inform\u00e1ci\u00f3kra v\u00e1gynak, hanem olyan k\u00f6nyvekre, melyek mondanival\u00f3j\u00e1t \u00fajragondolhatj\u00e1k&#8221;. Az \u00edr\u00f3 egy\u00e9bk\u00e9nt a  vallom\u00e1sos l\u00edra hagyom\u00e1nyos elemeit az avantg\u00e1rd forma\u00faj\u00edt\u00f3 gesztusaival \u00e1ll\u00edtja meglep\u0151, olykor paradox \u00f6sszef\u00fcgg\u00e9sekbe. K\u00f6lt\u00e9szet\u00e9re jellemz\u0151 a hagyom\u00e1nyos sz\u00f6vegegys\u00e9g felbont\u00e1sa, az irodalmi \u00e9s k\u00e9pi elemek egybeszerkeszt\u00e9se. Hangj\u00e1t\u00e9kait rendszeresen el\u0151adja a Magyar R\u00e1di\u00f3. De id\u00e9n unok\u00e1inak is \u00edrt gyermekk\u00f6nyvet, mert rendk\u00edv\u00fcl fontosnak tartja, hogy m\u00e1r eg\u00e9szen kicsi korban olvas\u00f3v\u00e1 nevelj\u00fck \u0151ket. <\/p>\n<p>-&#8220;A gyerek legjobban j\u00e1tszani szeret. Ha a gyereket megtan\u00edtom a szavakkal j\u00e1tszani, megtan\u00edtom a szavak j\u00e1t\u00e9k\u00e1ra, a r\u00edmek cseng\u00e9s\u00e9re , a sorok \u00fctem\u00e9re, mozg\u00e1s\u00e1ra, v\u00e1gtat\u00e1s\u00e1ra, vagy lomha gyalogl\u00e1s\u00e1ra, akkor a gyerek az nagyon velem tud j\u00f6nni, nagyon velem tud tartani ebben a k\u00fcl\u00f6n\u00f6s kalandban&#8221;-mondta el a k\u00f6lt\u0151.  <\/p>\n<p> Arr\u00f3l is besz\u00e9lt az alkot\u00f3 a k\u00f6z\u00f6ns\u00e9gnek, hogy a tavalyi , term\u00e9keny esztend\u0151 ut\u00e1n ebben az \u00e9vben reg\u00e9ny\u00e9nek 4. r\u00e9sz\u00e9t \u00edrja, e mellett j\u00f6v\u0151 m\u00e1rciusig 200 sz\u00ednh\u00e1zi el\u0151ad\u00e1st kell megn\u00e9znie egy v\u00e1logat\u00e1sra. <br \/>Olvas\u00f3inak a pr\u00f3za \u00e9s a vers \u00edr\u00e1s\u00e1nak kulisszatitkair\u00f3l is mes\u00e9lt. <\/p>\n<div style=\"width: 640px;\" class=\"wp-video\"><!--[if lt IE 9]><script>document.createElement('video');<\/script><![endif]-->\n<video class=\"wp-video-shortcode\" id=\"video-9243-1\" width=\"640\" height=\"360\" preload=\"metadata\" controls=\"controls\"><source type=\"video\/mp4\" src=\"\/spots\/hir\/hir_180607_05.mp4?_=1\" \/><a href=\"\/spots\/hir\/hir_180607_05.mp4\">\/spots\/hir\/hir_180607_05.mp4<\/a><\/video><\/div>\n","protected":false},"excerpt":{"rendered":"<p>A k\u00f6nyvh\u00e9t szakmai megnyit\u00f3j\u00e1t Zal\u00e1n Tibor k\u00f6lt\u0151, \u00edr\u00f3, essz\u00e9ista tartotta a Kossuth t\u00e9ren. P\u00e9lda\u00e9rt\u00e9k\u0171 lehet\u0151s\u00e9gnek tartja a k\u00f6nyvhetet, az \u00faj k\u00edn\u00e1lattal val\u00f3 ismerked\u00e9st- mind olvas\u00f3i, mind \u00edr\u00f3i szempontb\u00f3l. Zal\u00e1n Tibor k\u00f6lt\u0151, \u00edr\u00f3, dr\u00e1ma\u00edr\u00f3, essz\u00e9ista: -&#8220;A k\u00f6nyv az m\u00e9giscsak valami var\u00e1zslatos dolog, ami titkokat rejt , mert a k\u00f6nyv az nem olyan, mint egy vide\u00f3film, hogy [&hellip;]<\/p>\n","protected":false},"author":2,"featured_media":0,"comment_status":"closed","ping_status":"closed","sticky":false,"template":"","format":"standard","meta":[],"categories":[9],"tags":[],"_links":{"self":[{"href":"http:\/\/archiv.szolnoktv.hu\/index.php?rest_route=\/wp\/v2\/posts\/9243"}],"collection":[{"href":"http:\/\/archiv.szolnoktv.hu\/index.php?rest_route=\/wp\/v2\/posts"}],"about":[{"href":"http:\/\/archiv.szolnoktv.hu\/index.php?rest_route=\/wp\/v2\/types\/post"}],"author":[{"embeddable":true,"href":"http:\/\/archiv.szolnoktv.hu\/index.php?rest_route=\/wp\/v2\/users\/2"}],"replies":[{"embeddable":true,"href":"http:\/\/archiv.szolnoktv.hu\/index.php?rest_route=%2Fwp%2Fv2%2Fcomments&post=9243"}],"version-history":[{"count":1,"href":"http:\/\/archiv.szolnoktv.hu\/index.php?rest_route=\/wp\/v2\/posts\/9243\/revisions"}],"predecessor-version":[{"id":9332,"href":"http:\/\/archiv.szolnoktv.hu\/index.php?rest_route=\/wp\/v2\/posts\/9243\/revisions\/9332"}],"wp:attachment":[{"href":"http:\/\/archiv.szolnoktv.hu\/index.php?rest_route=%2Fwp%2Fv2%2Fmedia&parent=9243"}],"wp:term":[{"taxonomy":"category","embeddable":true,"href":"http:\/\/archiv.szolnoktv.hu\/index.php?rest_route=%2Fwp%2Fv2%2Fcategories&post=9243"},{"taxonomy":"post_tag","embeddable":true,"href":"http:\/\/archiv.szolnoktv.hu\/index.php?rest_route=%2Fwp%2Fv2%2Ftags&post=9243"}],"curies":[{"name":"wp","href":"https:\/\/api.w.org\/{rel}","templated":true}]}}