{"id":9242,"date":"2018-06-07T17:08:55","date_gmt":"2018-06-07T17:08:55","guid":{"rendered":"http:\/\/archiv.szolnoktv.hu\/?p=9242"},"modified":"2021-08-14T14:27:53","modified_gmt":"2021-08-14T14:27:53","slug":"uj-elnoke-van-a-megyei-kozgyulesnek","status":"publish","type":"post","link":"http:\/\/archiv.szolnoktv.hu\/?p=9242","title":{"rendered":"\u00daj eln\u00f6ke van a megyei k\u00f6zgy\u0171l\u00e9snek"},"content":{"rendered":"<div class='booster-block booster-read-block'><\/div><p>12 \u00e9v ut\u00e1n jelentette be lemond\u00e1s\u00e1t Kov\u00e1cs S\u00e1ndor a megyei k\u00f6zgy\u0171l\u00e9s eln\u00f6ke. \u00cdgy jelenleg \u0151 a rendszerv\u00e1lt\u00e1s \u00f3ta leghosszabb id\u0151t eln\u00f6ki poszton t\u00f6lt\u0151 vezet\u0151je a megy\u00e9nek. A tov\u00e1bbiakban orsz\u00e1ggy\u0171l\u00e9si k\u00e9pvisel\u0151k\u00e9nt dolgoz\u00f3 Kov\u00e1cs S\u00e1ndor sz\u00f3t k\u00e9rt a mai \u00fcl\u00e9sen. Mint mondta- a vit\u00e1k ellen\u00e9re is konstrukt\u00edv, el\u0151remutat\u00f3 munk\u00e1t v\u00e9gzett ir\u00e1ny\u00edt\u00e1sa alatt a test\u00fclet. <\/p>\n<p>&#8220;Nekem az volt a sz\u00e1nd\u00e9kom, hogy JNSZ Megye a 19 megye k\u00f6z\u00fcl legal\u00e1bb az els\u0151 harmadba tartozzon. \u00c9n azt gondolom, hogy a koll\u00e9g\u00e1knak \u00e9s a megyei k\u00f6zgy\u0171l\u00e9s tagjainak k\u00f6sz\u00f6nhet\u0151en ezt a tervet t\u00falteljes\u00edtett\u00fck. Ez egy j\u00f3l prosper\u00e1l\u00f3, fejl\u0151d\u0151 \u00e9s kifel\u00e9- befel\u00e9 b\u00e9kess\u00e9get, nyugalmat mutat\u00f3 megye.&#8221;<\/p>\n<p>A test\u00fclet tagjainak el\u0151sz\u00f6r Kov\u00e1cs S\u00e1ndor k\u00e9pvisel\u0151i mand\u00e1tuma kapcs\u00e1n kellett d\u00f6nt\u00e9st hozniuk.<\/p>\n<p>&#8220;Kov\u00e1cs S\u00e1ndor lemond\u00e1s\u00e1val meg\u00fcresedett k\u00e9pvisel\u0151i helyre a Fidesz- KDNP list\u00e1j\u00e1r\u00f3l Vida Tam\u00e1s szerzet mand\u00e1tumot.&#8221;<\/p>\n<p>T\u00farkeve polg\u00e1rmester\u00e9nek a ter\u00fcleti v\u00e1laszt\u00e1si bizotts\u00e1g k\u00e9pvisel\u0151je adta \u00e1t a megb\u00edz\u00f3levelet. <\/p>\n<p>&#8220;Gratul\u00e1lok \u00e9s eredm\u00e9nyes munk\u00e1j\u00e1hoz sok sikert k\u00edv\u00e1nok!&#8221;<\/p>\n<p>A k\u00e9pvisel\u0151k ezut\u00e1n a meg\u00fcresedett eln\u00f6ki poszt kapcs\u00e1n szavaztak. Kov\u00e1cs S\u00e1ndor hely\u00e9re Piroska Mikl\u00f3st jel\u00f6lt\u00e9k. A jel\u00f6l\u00e9s eredm\u00e9ny\u00e9t az \u00fcgyrendi bizotts\u00e1g vezet\u0151je ismertette.<\/p>\n<p>&#8220;16- an szavaztak. &#8220;Igen&#8221; szavazattal 15- en szavaztak, tart\u00f3zkod\u00e1s egy volt, &#8220;nem&#8221; szavazat nem t\u00f6rt\u00e9nt.&#8221;<\/p>\n<p>J\u00e1sz- Nagykun- Szolnok Megye K\u00f6zgy\u0171l\u00e9s\u00e9nek \u00faj eln\u00f6ke Piroska Mikl\u00f3s, kor\u00e1bbi aleln\u00f6k lett. Az esk\u00fct\u00e9tel ut\u00e1n Piroska Mikl\u00f3s megk\u00f6sz\u00f6nte a bizalmat, egyben jelezte, hogy a ciklus v\u00e9g\u00e9ig tart\u00f3 m\u00e1sf\u00e9l \u00e9v alatt is sz\u00e1m\u00edt a test\u00fclet munk\u00e1j\u00e1t jellemz\u0151 fegyelemre. Szem\u00e9ly\u00e9ben- hangs\u00falyozta- el\u0151sz\u00f6r van j\u00e1szs\u00e1gi eln\u00f6ke a k\u00f6zgy\u0171l\u00e9snek.<\/p>\n<p>&#8220;Azt kell mondanom, hogy ez hatalmas megtiszteltet\u00e9s sz\u00e1momra  \u00e9s ez nem csak nekem hatalmas megtiszteltet\u00e9s, hanem a J\u00e1szs\u00e1gnak mint t\u00e9rs\u00e9gnek is az \u00fagyhogy az \u00f6nmagam \u00e9s a t\u00e9rs\u00e9gem nev\u00e9ben is k\u00f6sz\u00f6n\u00f6m ezt a t\u00e1mogat\u00e1st.&#8221;<\/p>\n<p>A mai k\u00f6zgy\u0171l\u00e9sen- \u00faj megb\u00edzat\u00e1s\u00e1val val\u00f3 \u00f6sszef\u00e9rhetetlens\u00e9g miatt lemondott posztj\u00e1r\u00f3l Berecz Zsolt aleln\u00f6k. Hely\u00e9re Feh\u00e9r Petra k\u00e9pvisel\u0151t jel\u00f6lte a test\u00fclet eln\u00f6ke. A 36 \u00e9ves k\u00f6zgazd\u00e1sz kor\u00e1bban a T\u00f6r\u00f6kszentmikl\u00f3si \u00f6nkorm\u00e1nyzatn\u00e1l t\u00f6lt\u00f6tt be t\u00f6bb oszt\u00e1lyvezet\u0151i posztot is. A d\u00f6nt\u00e9st ez\u00fattal is szavaz\u00e1s el\u0151zte meg. J\u00e1sz- Nagykun- Szolnok Megye K\u00f6zgy\u0171l\u00e9s\u00e9nek tagjai d\u00f6nt\u00f6ttek az \u00faj eln\u00f6k \u00e9s aleln\u00f6k javadalmaz\u00e1s\u00e1r\u00f3l. A test\u00fclet tagjai ezut\u00e1n  a K\u00d6TIVIZIG besz\u00e1mol\u00f3j\u00e1t t\u00e1rgyalt\u00e1k meg a megye aktu\u00e1lis hidrometeorol\u00f3giai \u00e9s v\u00edzk\u00e1r helyzet\u00e9r\u0151l, majd a JNSZ Megyei Korm\u00e1nyhivatal\u00e9t a megye k\u00f6rnyezeti \u00e1llapot\u00e1r\u00f3l. A folytat\u00e1sban ez\u00fattal a J\u00e1szber\u00e9nyi J\u00e1r\u00e1si Hivatal munk\u00e1j\u00e1t ismerhett\u00e9k meg a k\u00e9pvisel\u0151k.<br \/>\n<br \/>\n<div style=\"width: 640px;\" class=\"wp-video\"><!--[if lt IE 9]><script>document.createElement('video');<\/script><![endif]-->\n<video class=\"wp-video-shortcode\" id=\"video-9242-1\" width=\"640\" height=\"360\" preload=\"metadata\" controls=\"controls\"><source type=\"video\/mp4\" src=\"\/spots\/hir\/hir_180607_04.mp4?_=1\" \/><a href=\"\/spots\/hir\/hir_180607_04.mp4\">\/spots\/hir\/hir_180607_04.mp4<\/a><\/video><\/div><\/p>\n","protected":false},"excerpt":{"rendered":"<p>12 \u00e9v ut\u00e1n jelentette be lemond\u00e1s\u00e1t Kov\u00e1cs S\u00e1ndor a megyei k\u00f6zgy\u0171l\u00e9s eln\u00f6ke. \u00cdgy jelenleg \u0151 a rendszerv\u00e1lt\u00e1s \u00f3ta leghosszabb id\u0151t eln\u00f6ki poszton t\u00f6lt\u0151 vezet\u0151je a megy\u00e9nek. A tov\u00e1bbiakban orsz\u00e1ggy\u0171l\u00e9si k\u00e9pvisel\u0151k\u00e9nt dolgoz\u00f3 Kov\u00e1cs S\u00e1ndor sz\u00f3t k\u00e9rt a mai \u00fcl\u00e9sen. Mint mondta- a vit\u00e1k ellen\u00e9re is konstrukt\u00edv, el\u0151remutat\u00f3 munk\u00e1t v\u00e9gzett ir\u00e1ny\u00edt\u00e1sa alatt a test\u00fclet. &#8220;Nekem az volt [&hellip;]<\/p>\n","protected":false},"author":2,"featured_media":0,"comment_status":"closed","ping_status":"closed","sticky":false,"template":"","format":"standard","meta":[],"categories":[9],"tags":[],"_links":{"self":[{"href":"http:\/\/archiv.szolnoktv.hu\/index.php?rest_route=\/wp\/v2\/posts\/9242"}],"collection":[{"href":"http:\/\/archiv.szolnoktv.hu\/index.php?rest_route=\/wp\/v2\/posts"}],"about":[{"href":"http:\/\/archiv.szolnoktv.hu\/index.php?rest_route=\/wp\/v2\/types\/post"}],"author":[{"embeddable":true,"href":"http:\/\/archiv.szolnoktv.hu\/index.php?rest_route=\/wp\/v2\/users\/2"}],"replies":[{"embeddable":true,"href":"http:\/\/archiv.szolnoktv.hu\/index.php?rest_route=%2Fwp%2Fv2%2Fcomments&post=9242"}],"version-history":[{"count":1,"href":"http:\/\/archiv.szolnoktv.hu\/index.php?rest_route=\/wp\/v2\/posts\/9242\/revisions"}],"predecessor-version":[{"id":9333,"href":"http:\/\/archiv.szolnoktv.hu\/index.php?rest_route=\/wp\/v2\/posts\/9242\/revisions\/9333"}],"wp:attachment":[{"href":"http:\/\/archiv.szolnoktv.hu\/index.php?rest_route=%2Fwp%2Fv2%2Fmedia&parent=9242"}],"wp:term":[{"taxonomy":"category","embeddable":true,"href":"http:\/\/archiv.szolnoktv.hu\/index.php?rest_route=%2Fwp%2Fv2%2Fcategories&post=9242"},{"taxonomy":"post_tag","embeddable":true,"href":"http:\/\/archiv.szolnoktv.hu\/index.php?rest_route=%2Fwp%2Fv2%2Ftags&post=9242"}],"curies":[{"name":"wp","href":"https:\/\/api.w.org\/{rel}","templated":true}]}}