{"id":9241,"date":"2018-06-07T16:06:23","date_gmt":"2018-06-07T16:06:23","guid":{"rendered":"http:\/\/archiv.szolnoktv.hu\/?p=9241"},"modified":"2021-08-14T14:27:53","modified_gmt":"2021-08-14T14:27:53","slug":"a-90-eves-andrasi-imret-koszontottek","status":"publish","type":"post","link":"http:\/\/archiv.szolnoktv.hu\/?p=9241","title":{"rendered":"A 90 \u00e9ves Andr\u00e1si Imr\u00e9t k\u00f6sz\u00f6nt\u00f6tt\u00e9k"},"content":{"rendered":"<div class='booster-block booster-read-block'><\/div><p>Szalay Ferenc polg\u00e1rmester a 90 esztend\u0151s Andr\u00e1si Imr\u00e9t \u00e9rkezett k\u00f6sz\u00f6nteni sz\u00fclet\u00e9snapja alkalm\u00e1b\u00f3l. Az \u00e9letkor\u00e1t meghazuttol\u00f3 fiatalos d\u00e9dpap\u00e1t gyermekei, unok\u00e1i \u00e9s d\u00e9dunok\u00e1ja is k\u00f6sz\u00f6nt\u00f6tte. Dr. R\u00e1cz Andrea aljegyz\u0151 vir\u00e1gcsokorral \u00e9rkezett.<br \/>Imre b\u00e1csi Karcagon sz\u00fcletett, 8-an voltak testv\u00e9rek, de sosem veszekedtek. Sz\u00fcleit\u0151l szeretet, tisztess\u00e9get \u00e9s becs\u00fcletet tanult. A  k\u00f6z\u00e9piskola elv\u00e9gz\u00e9se ut\u00e1n az \u00e1llami gazdas\u00e1ghoz, majd a tsz-hez ker\u00fcl, onnan 1988-ban ment nyugd\u00edjba.<br \/>&#8220;Szerencs\u00e9m van, mert j\u00f3 feles\u00e9gem van, \u00e9s mindenben seg\u00edt, \u0151 a lelke a csal\u00e1dnak.&#8221; -mes\u00e9lte ANDR\u00c1SI IMRE.<br \/>Mozgalmas volt az \u00e9lete, meg\u00e9lt h\u00e1bor\u00fat, forradalmat. Sokat dolgoztak, de a megpr\u00f3b\u00e1ltat\u00e1sok ellen\u00e9re is mindig maradt ideje a csal\u00e1dra. A gyermekeire a legb\u00fcszk\u00e9bb.<br \/>&#8220;Tal\u00e1n arra, hogy a gyerekek megtal\u00e1lt\u00e1k magukat az \u00e9letben mindenki dolgozik, \u00e9s sikeres emberek lettek a gyerekek.&#8221; -mondta az \u00fcnnepelt.<br \/>Andr\u00e1si Imr\u00e9n nem fog az id\u0151. Fiatalos d\u00e9dpapa, de -ahogyan \u0151 mondta- az id\u0151 m\u00fal\u00e1s\u00e1t az\u00e9rt m\u00e1r \u0151 is meg\u00e9rzi.<br \/>\n<br \/>\n<div style=\"width: 640px;\" class=\"wp-video\"><!--[if lt IE 9]><script>document.createElement('video');<\/script><![endif]-->\n<video class=\"wp-video-shortcode\" id=\"video-9241-1\" width=\"640\" height=\"360\" preload=\"metadata\" controls=\"controls\"><source type=\"video\/mp4\" src=\"\/spots\/hir\/hir_180607_03.mp4?_=1\" \/><a href=\"\/spots\/hir\/hir_180607_03.mp4\">\/spots\/hir\/hir_180607_03.mp4<\/a><\/video><\/div><\/p>\n","protected":false},"excerpt":{"rendered":"<p>Szalay Ferenc polg\u00e1rmester a 90 esztend\u0151s Andr\u00e1si Imr\u00e9t \u00e9rkezett k\u00f6sz\u00f6nteni sz\u00fclet\u00e9snapja alkalm\u00e1b\u00f3l. Az \u00e9letkor\u00e1t meghazuttol\u00f3 fiatalos d\u00e9dpap\u00e1t gyermekei, unok\u00e1i \u00e9s d\u00e9dunok\u00e1ja is k\u00f6sz\u00f6nt\u00f6tte. Dr. R\u00e1cz Andrea aljegyz\u0151 vir\u00e1gcsokorral \u00e9rkezett.Imre b\u00e1csi Karcagon sz\u00fcletett, 8-an voltak testv\u00e9rek, de sosem veszekedtek. Sz\u00fcleit\u0151l szeretet, tisztess\u00e9get \u00e9s becs\u00fcletet tanult. A k\u00f6z\u00e9piskola elv\u00e9gz\u00e9se ut\u00e1n az \u00e1llami gazdas\u00e1ghoz, majd a tsz-hez ker\u00fcl, [&hellip;]<\/p>\n","protected":false},"author":2,"featured_media":0,"comment_status":"closed","ping_status":"closed","sticky":false,"template":"","format":"standard","meta":[],"categories":[9],"tags":[],"_links":{"self":[{"href":"http:\/\/archiv.szolnoktv.hu\/index.php?rest_route=\/wp\/v2\/posts\/9241"}],"collection":[{"href":"http:\/\/archiv.szolnoktv.hu\/index.php?rest_route=\/wp\/v2\/posts"}],"about":[{"href":"http:\/\/archiv.szolnoktv.hu\/index.php?rest_route=\/wp\/v2\/types\/post"}],"author":[{"embeddable":true,"href":"http:\/\/archiv.szolnoktv.hu\/index.php?rest_route=\/wp\/v2\/users\/2"}],"replies":[{"embeddable":true,"href":"http:\/\/archiv.szolnoktv.hu\/index.php?rest_route=%2Fwp%2Fv2%2Fcomments&post=9241"}],"version-history":[{"count":1,"href":"http:\/\/archiv.szolnoktv.hu\/index.php?rest_route=\/wp\/v2\/posts\/9241\/revisions"}],"predecessor-version":[{"id":9334,"href":"http:\/\/archiv.szolnoktv.hu\/index.php?rest_route=\/wp\/v2\/posts\/9241\/revisions\/9334"}],"wp:attachment":[{"href":"http:\/\/archiv.szolnoktv.hu\/index.php?rest_route=%2Fwp%2Fv2%2Fmedia&parent=9241"}],"wp:term":[{"taxonomy":"category","embeddable":true,"href":"http:\/\/archiv.szolnoktv.hu\/index.php?rest_route=%2Fwp%2Fv2%2Fcategories&post=9241"},{"taxonomy":"post_tag","embeddable":true,"href":"http:\/\/archiv.szolnoktv.hu\/index.php?rest_route=%2Fwp%2Fv2%2Ftags&post=9241"}],"curies":[{"name":"wp","href":"https:\/\/api.w.org\/{rel}","templated":true}]}}