{"id":9239,"date":"2018-06-07T14:00:59","date_gmt":"2018-06-07T14:00:59","guid":{"rendered":"http:\/\/archiv.szolnoktv.hu\/?p=9239"},"modified":"2021-08-14T14:27:54","modified_gmt":"2021-08-14T14:27:54","slug":"jubileumi-balett-gala","status":"publish","type":"post","link":"http:\/\/archiv.szolnoktv.hu\/?p=9239","title":{"rendered":"Jubileumi balett g\u00e1la"},"content":{"rendered":"<div class='booster-block booster-read-block'><\/div><p>Az els\u0151s\u00f6k produkci\u00f3ja nyitotta meg a K\u0151r\u00f6si Csoma S\u00e1ndor \u00c1ltal\u00e1nos Iskola balett g\u00e1l\u00e1j\u00e1t. A m\u0171fajt 25 \u00e9ve oktatj\u00e1k az int\u00e9zm\u00e9nyben. Az Aba-Nov\u00e1k Ag\u00f3ra sz\u00ednpad\u00e1n r\u00e9gi \u00e9s \u00faj koreogr\u00e1fi\u00e1kat mutattak be a gyerekek. A felk\u00e9sz\u00fcl\u00e9s janu\u00e1rban kezd\u0151d\u00f6tt.<\/p>\n<p>-Nagyon sokat pr\u00f3b\u00e1ltunk az aul\u00e1ban \u00e9s a teremben.&#8221;- mes\u00e9lte Nagy Nikol<\/p>\n<p>A g\u00e1l\u00e1n 87 n\u00f6vend\u00e9k mutatkozott be. A gyerekek az els\u0151 k\u00e9t \u00e9vben el\u0151k\u00e9sz\u00edt\u0151 gimnasztik\u00e1t tanulnak, 8. oszt\u00e1ly v\u00e9g\u00e9re pedig a modern t\u00e1nc, klasszikus \u00e9s a jazz balett elemeit is elsaj\u00e1t\u00edtj\u00e1k. A fejl\u0151d\u00e9st a rendszeres versenyek is seg\u00edtik. A 4. oszt\u00e1lyosok id\u00e9n 3 alkalommal v\u00e9geztek dobog\u00f3s helyen. <\/p>\n<p>-Egyre \u00fcgyesed\u00fcnk az\u00e9rt olyan neh\u00e9z ugr\u00e1sokat m\u00e9g nem tudunk, mint a 8. oszt\u00e1lyosok. De az\u00e9rt sokat fejl\u0151dt\u00fcnk 1. oszt\u00e1lyhoz k\u00e9pest.- mondta Nagy Sarolta.<\/p>\n<p>-A tart\u00e1somat seg\u00edti \u00e9s a spiccem is \u00edgy fesz\u00fcl \u00e9s er\u0151s\u00f6d\u00f6m.&#8221;- tette hozz\u00e1 Zajacz Bogl\u00e1rka.<\/p>\n<p>A balettoktat\u00e1s 25 \u00e9vvel ezel\u0151tt a Konstantin \u00c1ltal\u00e1nos Iskol\u00e1ban szakk\u00f6r jelleggel indult, ami a K\u0151r\u00f6si Csoma S\u00e1ndor \u00c1ltal\u00e1nos Iskol\u00e1ba 1999-ben ker\u00fclt. Az int\u00e9zm\u00e9nyben majdnem 20 \u00e9ve folyik m\u0171v\u00e9szeti oktat\u00e1s. A gyerekek a balett mellett n\u00e9pt\u00e1ncot is tanulhatnak. <\/p>\n<p>-Jelenleg 87 gyerekkel dolgozunk. Ez el\u0151k\u00e9pz\u0151t\u0151l 8. \u00e9vfolyamig. \u00c1tlagban 10-12 vannak egy oszt\u00e1lyba. Ez \u00e9ppen megfelel\u0151 l\u00e9tsz\u00e1m, mert ezt a m\u0171v\u00e9szetet nem lehet t\u00f6megben oktatni.&#8221;- mondta Rim\u00f3czi M\u00e1rta balettmester.<\/p>\n<p>-Az int\u00e9zm\u00e9nynek a tant\u00e1rgyi strukt\u00far\u00e1j\u00e1t \u00fagy rakjuk \u00f6ssze, hogy a gyerekeknek ezek a m\u0171v\u00e9szeti \u00f3r\u00e1k \u00e1ltal\u00e1ban kora d\u00e9lut\u00e1ni \u00f3r\u00e1ra esnek. Kisebbek kor\u00e1bban, id\u0151sebbeknek kicsit k\u00e9s\u0151bb, \u00edgy nem \u00fctk\u00f6zik a k\u00e9szs\u00e9gt\u00e1rgyak oktat\u00e1s\u00e1val.&#8221;- tette hozz\u00e1 G\u00e1l G\u00e1bor az int\u00e9zm\u00e9ny vezet\u0151je.<\/p>\n<p>A gyerekeknek a balettet 8. oszt\u00e1ly ut\u00e1n sem kell befejezni\u00fck. A di\u00e1kokat k\u00f6z\u00e9piskola v\u00e9g\u00e9ig visszav\u00e1rj\u00e1k. <\/p>\n<div style=\"width: 640px;\" class=\"wp-video\"><!--[if lt IE 9]><script>document.createElement('video');<\/script><![endif]-->\n<video class=\"wp-video-shortcode\" id=\"video-9239-1\" width=\"640\" height=\"360\" preload=\"metadata\" controls=\"controls\"><source type=\"video\/mp4\" src=\"\/spots\/hir\/hir_180607_01.mp4?_=1\" \/><a href=\"\/spots\/hir\/hir_180607_01.mp4\">\/spots\/hir\/hir_180607_01.mp4<\/a><\/video><\/div>\n","protected":false},"excerpt":{"rendered":"<p>Az els\u0151s\u00f6k produkci\u00f3ja nyitotta meg a K\u0151r\u00f6si Csoma S\u00e1ndor \u00c1ltal\u00e1nos Iskola balett g\u00e1l\u00e1j\u00e1t. A m\u0171fajt 25 \u00e9ve oktatj\u00e1k az int\u00e9zm\u00e9nyben. Az Aba-Nov\u00e1k Ag\u00f3ra sz\u00ednpad\u00e1n r\u00e9gi \u00e9s \u00faj koreogr\u00e1fi\u00e1kat mutattak be a gyerekek. A felk\u00e9sz\u00fcl\u00e9s janu\u00e1rban kezd\u0151d\u00f6tt. -Nagyon sokat pr\u00f3b\u00e1ltunk az aul\u00e1ban \u00e9s a teremben.&#8221;- mes\u00e9lte Nagy Nikol A g\u00e1l\u00e1n 87 n\u00f6vend\u00e9k mutatkozott be. A gyerekek [&hellip;]<\/p>\n","protected":false},"author":2,"featured_media":0,"comment_status":"closed","ping_status":"closed","sticky":false,"template":"","format":"standard","meta":[],"categories":[9],"tags":[],"_links":{"self":[{"href":"http:\/\/archiv.szolnoktv.hu\/index.php?rest_route=\/wp\/v2\/posts\/9239"}],"collection":[{"href":"http:\/\/archiv.szolnoktv.hu\/index.php?rest_route=\/wp\/v2\/posts"}],"about":[{"href":"http:\/\/archiv.szolnoktv.hu\/index.php?rest_route=\/wp\/v2\/types\/post"}],"author":[{"embeddable":true,"href":"http:\/\/archiv.szolnoktv.hu\/index.php?rest_route=\/wp\/v2\/users\/2"}],"replies":[{"embeddable":true,"href":"http:\/\/archiv.szolnoktv.hu\/index.php?rest_route=%2Fwp%2Fv2%2Fcomments&post=9239"}],"version-history":[{"count":1,"href":"http:\/\/archiv.szolnoktv.hu\/index.php?rest_route=\/wp\/v2\/posts\/9239\/revisions"}],"predecessor-version":[{"id":9336,"href":"http:\/\/archiv.szolnoktv.hu\/index.php?rest_route=\/wp\/v2\/posts\/9239\/revisions\/9336"}],"wp:attachment":[{"href":"http:\/\/archiv.szolnoktv.hu\/index.php?rest_route=%2Fwp%2Fv2%2Fmedia&parent=9239"}],"wp:term":[{"taxonomy":"category","embeddable":true,"href":"http:\/\/archiv.szolnoktv.hu\/index.php?rest_route=%2Fwp%2Fv2%2Fcategories&post=9239"},{"taxonomy":"post_tag","embeddable":true,"href":"http:\/\/archiv.szolnoktv.hu\/index.php?rest_route=%2Fwp%2Fv2%2Ftags&post=9239"}],"curies":[{"name":"wp","href":"https:\/\/api.w.org\/{rel}","templated":true}]}}