{"id":9238,"date":"2018-06-06T18:20:01","date_gmt":"2018-06-06T18:20:01","guid":{"rendered":"http:\/\/archiv.szolnoktv.hu\/?p=9238"},"modified":"2021-08-14T14:27:55","modified_gmt":"2021-08-14T14:27:55","slug":"tovabb-keresik-az-abonyi-medvet","status":"publish","type":"post","link":"http:\/\/archiv.szolnoktv.hu\/?p=9238","title":{"rendered":"Tov\u00e1bb keresik az abonyi medv\u00e9t"},"content":{"rendered":"<div class='booster-block booster-read-block'><\/div><p>-\u00dagy gondoljuk, hogy ebben a tanyahelyben, meg ebben az erd\u0151ben t\u00f6lt\u00f6tte a tegnapi napot a medve.&#8221;<\/p>\n<p>Azt a lakatlan kocs\u00e9ri tany\u00e1t mutatja ez a vad\u00e1sz, ahol a tegnapra virrad\u00f3 \u00e9jszak\u00e1t \u00e9s a tegnapi napot a medve. Az \u00e1llat \u00e1tm\u00e1szott a ker\u00edt\u00e9sen, de egy\u00e9b k\u00e1rt nem okozott \u00e9s a sz\u0151r\u00e9t is megtal\u00e1lt\u00e1k. El\u0151sz\u00f6r egy munk\u00e1ba indul\u00f3 n\u0151 tal\u00e1lkozott vele, egym\u00e1st l\u00e1tva mind a ketten elfutottak. A medve h\u00edre gyorsan terjedt a telep\u00fcl\u00e9sen, a rend\u0151rs\u00e9get is \u00e9rtes\u00edtett\u00e9k, akik t\u00f6bb aut\u00f3val kezdtek a nyomok keres\u00e9s\u00e9be.<\/p>\n<p>-Amikor meg lett az els\u0151 nyom, akkor j\u00f6tt a term\u00e9szetv\u00e9delmi \u0151r, j\u00f6ttek vad\u00e1szok, pr\u00f3b\u00e1ltuk megkeresni, hogy hol is lehetett, azt\u00e1n nyom\u00e1t vesztett\u00fck. Nagyj\u00e1b\u00f3l sejtett\u00fck, hogy itt a szemben l\u00e9v\u0151 erd\u0151ben t\u0171nt el, felf\u00fcggesztett\u00fck a keres\u00e9st \u00e9s \u00fagy volt inform\u00e1ci\u00f3nk hogy a d\u00e9lut\u00e1n j\u00f6n majd h\u0151kamer\u00e1s helikopter, altat\u00f3pusk\u00e1kkal \u00e1llatkertekb\u0151l. Nem \u00e9rkezett meg a helikopter csak ma reggel, k\u00f6zben \u00e9jszaka z\u00e1rtuk ezt az erd\u0151t polg\u00e1r\u0151r\u00f6k, vad\u00e1szok, term\u00e9szetv\u00e9delmi \u0151r\u00f6k.&#8221;  &#8211; mondta Csuk\u00e1s Istv\u00e1n hivat\u00e1sos vad\u00e1sz<\/p>\n<p>A helikopterek ma hajnalban kezdt\u00e9k a k\u00f3borl\u00f3 \u00e1llat keres\u00e9s\u00e9t, de az erd\u0151ben akkor m\u00e1r nem tal\u00e1lt\u00e1k meg. K\u00e9s\u0151bb egy k\u00f6zeli d\u0171l\u0151\u00fatr\u00f3l \u00e9rkezett bejelent\u00e9s, hogy nyomra bukkantak. A medve nyomai j\u00f3l l\u00e1that\u00f3ak voltak a porban, illetve \u00fcr\u00fcl\u00e9ke is jelezte merre haladt. <\/p>\n<p>-Abb\u00f3l az erd\u0151b\u0151l j\u00f6tt \u00e9s ment Szentkir\u00e1ly fel\u00e9 ezen az \u00faton v\u00e9gig&#8221;<\/p>\n<p>Az \u00e1llat annak ellen\u00e9re, hogy t\u00f6bb ty\u00fakot, kacs\u00e1t, b\u00e1r\u00e1nyt \u00e9s kecsk\u00e9t is elkaphatott volna, m\u00e9gis a k\u00f6rny\u00e9kbeli gy\u00fcm\u00f6lcs\u00f6s\u00f6kben evett csereszny\u00e9t \u00e9s meggyet, illetve a besz\u00e1mol\u00f3k szerint az emberekkel szemben sem volt agressz\u00edv. A nyomok, illetve a besz\u00e1mol\u00f3k alapj\u00e1n a medve mintegy 150-200 kilogrammos, maximum 3 \u00e9ves h\u00edm lehet. A tal\u00e1lkoz\u00e1s h\u00edre gyorsan terjedt a faluban, t\u00f6bben hitetlenkedve fogadt\u00e1k, illetve voltak akik megijedtek. <\/p>\n<p>Bodn\u00e1r Andr\u00e1s polg\u00e1rmester \u00fagy fogalmazott &#8211; -El\u0151sz\u00f6r el sem akart\u00e1k hinni, mindenki azt hitte, hogy h\u00fcly\u00e9skedik, ut\u00e1na kital\u00e1lt\u00e1k, hogy el\u0151z\u0151 nap Nagyk\u0151r\u00f6s\u00f6n volt cirkusz \u00e9s onnan j\u00f6tt el a medve, de ut\u00e1na r\u00e1j\u00f6ttek, hogy sem a cirkuszb\u00f3l, sem az \u00e1llatkertekb\u0151l nem szabadulhatott el, teh\u00e1t val\u00f3j\u00e1ban itt medve volt.&#8221; <\/p>\n<p>A medv\u00e9t az\u00f3ta Lakitelken, Tiszaalp\u00e1ron \u00e9s Csongr\u00e1don is l\u00e1tt\u00e1k, viszont lapz\u00e1rt\u00e1nkkor \u00e9ppen senki sem tudta, hogy pontosan hol lehet. A szak\u00e9rt\u0151k szerint ez ugyan az az \u00e1llat, amelyet m\u00e9g m\u00e1jus 23-\u00e1n egy vas\u00fati s\u00edn mellett l\u00e1ttak Somosk\u0151\u00fajfalun\u00e1l, majd hat nappal k\u00e9s\u0151bb F\u00fczesabonyban, P\u00e9terv\u00e1s\u00e1r\u00e1n, B\u00e1rn\u00e1ban, Karancsber\u00e9nyben, illetve a napokban Abonyban.   <\/p>\n<div style=\"width: 640px;\" class=\"wp-video\"><!--[if lt IE 9]><script>document.createElement('video');<\/script><![endif]-->\n<video class=\"wp-video-shortcode\" id=\"video-9238-1\" width=\"640\" height=\"360\" preload=\"metadata\" controls=\"controls\"><source type=\"video\/mp4\" src=\"\/spots\/hir\/hir_180606_08.mp4?_=1\" \/><a href=\"\/spots\/hir\/hir_180606_08.mp4\">\/spots\/hir\/hir_180606_08.mp4<\/a><\/video><\/div>\n","protected":false},"excerpt":{"rendered":"<p>-\u00dagy gondoljuk, hogy ebben a tanyahelyben, meg ebben az erd\u0151ben t\u00f6lt\u00f6tte a tegnapi napot a medve.&#8221; Azt a lakatlan kocs\u00e9ri tany\u00e1t mutatja ez a vad\u00e1sz, ahol a tegnapra virrad\u00f3 \u00e9jszak\u00e1t \u00e9s a tegnapi napot a medve. Az \u00e1llat \u00e1tm\u00e1szott a ker\u00edt\u00e9sen, de egy\u00e9b k\u00e1rt nem okozott \u00e9s a sz\u0151r\u00e9t is megtal\u00e1lt\u00e1k. El\u0151sz\u00f6r egy munk\u00e1ba indul\u00f3 [&hellip;]<\/p>\n","protected":false},"author":2,"featured_media":0,"comment_status":"closed","ping_status":"closed","sticky":false,"template":"","format":"standard","meta":[],"categories":[9],"tags":[],"_links":{"self":[{"href":"http:\/\/archiv.szolnoktv.hu\/index.php?rest_route=\/wp\/v2\/posts\/9238"}],"collection":[{"href":"http:\/\/archiv.szolnoktv.hu\/index.php?rest_route=\/wp\/v2\/posts"}],"about":[{"href":"http:\/\/archiv.szolnoktv.hu\/index.php?rest_route=\/wp\/v2\/types\/post"}],"author":[{"embeddable":true,"href":"http:\/\/archiv.szolnoktv.hu\/index.php?rest_route=\/wp\/v2\/users\/2"}],"replies":[{"embeddable":true,"href":"http:\/\/archiv.szolnoktv.hu\/index.php?rest_route=%2Fwp%2Fv2%2Fcomments&post=9238"}],"version-history":[{"count":1,"href":"http:\/\/archiv.szolnoktv.hu\/index.php?rest_route=\/wp\/v2\/posts\/9238\/revisions"}],"predecessor-version":[{"id":9337,"href":"http:\/\/archiv.szolnoktv.hu\/index.php?rest_route=\/wp\/v2\/posts\/9238\/revisions\/9337"}],"wp:attachment":[{"href":"http:\/\/archiv.szolnoktv.hu\/index.php?rest_route=%2Fwp%2Fv2%2Fmedia&parent=9238"}],"wp:term":[{"taxonomy":"category","embeddable":true,"href":"http:\/\/archiv.szolnoktv.hu\/index.php?rest_route=%2Fwp%2Fv2%2Fcategories&post=9238"},{"taxonomy":"post_tag","embeddable":true,"href":"http:\/\/archiv.szolnoktv.hu\/index.php?rest_route=%2Fwp%2Fv2%2Ftags&post=9238"}],"curies":[{"name":"wp","href":"https:\/\/api.w.org\/{rel}","templated":true}]}}