{"id":9237,"date":"2018-06-06T18:16:24","date_gmt":"2018-06-06T18:16:24","guid":{"rendered":"http:\/\/archiv.szolnoktv.hu\/?p=9237"},"modified":"2021-08-14T14:27:55","modified_gmt":"2021-08-14T14:27:55","slug":"katonai-megfigyelo-tanfolyam","status":"publish","type":"post","link":"http:\/\/archiv.szolnoktv.hu\/?p=9237","title":{"rendered":"Katonai megfigyel\u0151 tanfolyam"},"content":{"rendered":"<div class='booster-block booster-read-block'><\/div><p>A f\u0151parancsnoks\u00e1g. Indul\u00e1shoz k\u00e9sz\u00fcl\u0151dnek a 35. Nemzetk\u00f6zi Katonai Megfigyel\u0151 Tanfolyam hallgat\u00f3i. Felveszik a goly\u00f3\u00e1ll\u00f3 mell\u00e9nyt is, hiszen fegyveres konfliktusba is ker\u00fclhetnek. A be\u00e9rkezett inform\u00e1ci\u00f3k szerint az egyik menek\u00fcltt\u00e1born\u00e1l zavarg\u00e1sok t\u00f6rtek ki, a konfliktust kezelni kell. Ez m\u00e1r a k\u00f6vetkez\u0151 cselekv\u00e9si pont. Indul\u00e1s el\u0151tt \u00e1t kell n\u00e9zni valamennyi g\u00e9pj\u00e1rm\u0171vet, nehogy bevet\u00e9s k\u00f6zben der\u00fclj\u00f6n ki valamilyen m\u0171szaki probl\u00e9ma. Mindent rendben tal\u00e1ltak.<br \/>Kil\u00e9p\u00e9si pont. A kapun\u00e1l is mindennek a hely\u00e9n kell lennie. Mindennek k\u00fcl\u00f6n szab\u00e1lyrendszere van. A m\u00e1jus 22-t\u0151l j\u00fanius 8-ig tart\u00f3 k\u00e9pz\u00e9s z\u00e1r\u00f3gyakorlat\u00e1n kell alkalmazniuk a katon\u00e1knak mindazt, amit az elm\u00falt hetekben tanultak.<br \/>A menek\u00fcltt\u00e1bor lak\u00f3i p\u00e9nz\u00e9rt \u00e1rulnak olajat az ENSZ katon\u00e1inak. A helyzetgyakorlat szerint egy f\u00e9rfi sz\u00e9t akart szedni egy gr\u00e1n\u00e1tot, hogy azt is eladja, de a gr\u00e1n\u00e1t felrobbant.<br \/>&#8220;Az \u00e9lethez lettek szinkroniz\u00e1lva ezek a foglalkoz\u00e1sok, mindegyik\u00e9t egy oktat\u00f3nk hozta. Fontos, hogy ha a hallgat\u00f3k \u00e9les helyzetbe ker\u00fclnek, legyenek k\u00e9pesek ezeket a helyzeteket a lehet\u0151 legjobban kezelni.&#8221; -mondta VARGA TAM\u00c1S \u0151rnagy, megb\u00edzott k\u00f6zpontparancsnok-helyettes.<br \/>27 hallgat\u00f3 vett r\u00e9szt a szolnoki tanfolyamon, 5-en haz\u00e1nkb\u00f3l, 22-en 16 m\u00e1sik orsz\u00e1gb\u00f3l \u00e9rkeztek. ha sikerrel fejezik be a k\u00e9pz\u00e9st, akkor a j\u00f6v\u0151ben nemzetk\u00f6zi misszi\u00f3kban -afrikai orsz\u00e1gokban, a k\u00f6zel keleten, p\u00e9ld\u00e1ul Maliban \u00e9s Szom\u00e1li\u00e1ban is- v\u00e1llalhatnak szolg\u00e1latot.<br \/>\n<br \/>\n<div style=\"width: 640px;\" class=\"wp-video\"><!--[if lt IE 9]><script>document.createElement('video');<\/script><![endif]-->\n<video class=\"wp-video-shortcode\" id=\"video-9237-1\" width=\"640\" height=\"360\" preload=\"metadata\" controls=\"controls\"><source type=\"video\/mp4\" src=\"\/spots\/hir\/hir_180606_07.mp4?_=1\" \/><a href=\"\/spots\/hir\/hir_180606_07.mp4\">\/spots\/hir\/hir_180606_07.mp4<\/a><\/video><\/div><\/p>\n","protected":false},"excerpt":{"rendered":"<p>A f\u0151parancsnoks\u00e1g. Indul\u00e1shoz k\u00e9sz\u00fcl\u0151dnek a 35. Nemzetk\u00f6zi Katonai Megfigyel\u0151 Tanfolyam hallgat\u00f3i. Felveszik a goly\u00f3\u00e1ll\u00f3 mell\u00e9nyt is, hiszen fegyveres konfliktusba is ker\u00fclhetnek. A be\u00e9rkezett inform\u00e1ci\u00f3k szerint az egyik menek\u00fcltt\u00e1born\u00e1l zavarg\u00e1sok t\u00f6rtek ki, a konfliktust kezelni kell. Ez m\u00e1r a k\u00f6vetkez\u0151 cselekv\u00e9si pont. Indul\u00e1s el\u0151tt \u00e1t kell n\u00e9zni valamennyi g\u00e9pj\u00e1rm\u0171vet, nehogy bevet\u00e9s k\u00f6zben der\u00fclj\u00f6n ki valamilyen m\u0171szaki [&hellip;]<\/p>\n","protected":false},"author":2,"featured_media":0,"comment_status":"closed","ping_status":"closed","sticky":false,"template":"","format":"standard","meta":[],"categories":[9],"tags":[],"_links":{"self":[{"href":"http:\/\/archiv.szolnoktv.hu\/index.php?rest_route=\/wp\/v2\/posts\/9237"}],"collection":[{"href":"http:\/\/archiv.szolnoktv.hu\/index.php?rest_route=\/wp\/v2\/posts"}],"about":[{"href":"http:\/\/archiv.szolnoktv.hu\/index.php?rest_route=\/wp\/v2\/types\/post"}],"author":[{"embeddable":true,"href":"http:\/\/archiv.szolnoktv.hu\/index.php?rest_route=\/wp\/v2\/users\/2"}],"replies":[{"embeddable":true,"href":"http:\/\/archiv.szolnoktv.hu\/index.php?rest_route=%2Fwp%2Fv2%2Fcomments&post=9237"}],"version-history":[{"count":1,"href":"http:\/\/archiv.szolnoktv.hu\/index.php?rest_route=\/wp\/v2\/posts\/9237\/revisions"}],"predecessor-version":[{"id":9338,"href":"http:\/\/archiv.szolnoktv.hu\/index.php?rest_route=\/wp\/v2\/posts\/9237\/revisions\/9338"}],"wp:attachment":[{"href":"http:\/\/archiv.szolnoktv.hu\/index.php?rest_route=%2Fwp%2Fv2%2Fmedia&parent=9237"}],"wp:term":[{"taxonomy":"category","embeddable":true,"href":"http:\/\/archiv.szolnoktv.hu\/index.php?rest_route=%2Fwp%2Fv2%2Fcategories&post=9237"},{"taxonomy":"post_tag","embeddable":true,"href":"http:\/\/archiv.szolnoktv.hu\/index.php?rest_route=%2Fwp%2Fv2%2Ftags&post=9237"}],"curies":[{"name":"wp","href":"https:\/\/api.w.org\/{rel}","templated":true}]}}