{"id":9236,"date":"2018-06-06T18:12:17","date_gmt":"2018-06-06T18:12:17","guid":{"rendered":"http:\/\/archiv.szolnoktv.hu\/?p=9236"},"modified":"2021-08-14T14:27:56","modified_gmt":"2021-08-14T14:27:56","slug":"elkezdodik-a-tallinn-varosresz-rehabilitacioja","status":"publish","type":"post","link":"http:\/\/archiv.szolnoktv.hu\/?p=9236","title":{"rendered":"Elkezd\u0151dik a Tallinn v\u00e1rosr\u00e9sz rehabilit\u00e1ci\u00f3ja"},"content":{"rendered":"<div class='booster-block booster-read-block'><\/div><p>K\u00e9sz\u00fclnek azok a nyomtatv\u00e1nyok, melyek 3.300 h\u00e1ztart\u00e1sba jutnak el a k\u00f6vetkez\u0151 napokban. A lakoss\u00e1got a Tallinn v\u00e1rosr\u00e9sz rehabilit\u00e1ci\u00f3j\u00e1r\u00f3l t\u00e1j\u00e9koztatj\u00e1k. Mint ismert: 3,5 milli\u00e1rd forintnyi Eur\u00f3pai uni\u00f3s t\u00e1mogat\u00e1sb\u00f3l fejl\u0151dik a ter\u00fclet.<\/p>\n<p>-A Besenysz\u00f6gi \u00faton kij\u00f6n \u00e9s ott lesz egy k\u00f6rforgalom.&#8221;<\/p>\n<p>Egy \u00faj 2 kilom\u00e9teres \u00fat \u00e9p\u00edt\u00e9s\u00e9nek r\u00e9szleteit mondja a polg\u00e1rmesteri hivatal fejleszt\u00e9si igazgat\u00f3ja az. Baranyin\u00e9 S\u00e1rk\u00f6zi Erika elmondta, hogy ezzel az \u00faj szakasszal kinyitj\u00e1k a Sebest\u00e9ny k\u00f6rutat a Mester \u00fat ir\u00e1ny\u00e1ba, megteremtve egy \u00faj v\u00e1rosr\u00e9sz kialakul\u00e1s\u00e1nak felt\u00e9teleit.<\/p>\n<p>-Els\u0151 k\u00f6rben most j\u00fanius k\u00f6zep\u00e9n kezd\u0151dnek a munk\u00e1latok, f\u00e9lp\u00e1ly\u00e1s h\u00eddz\u00e1rral \u00e9s ut\u00e1na n\u00e9h\u00e1ny h\u00e9t m\u00falva k\u00fcld\u00fcnk m\u00e9g egy levelet a lakosoknak, amelyben m\u00e1r a teljes h\u00eddz\u00e1rhoz tartoz\u00f3 forgalomtechnik\u00e1r\u00f3l \u00e9s t\u00f6megk\u00f6zleked\u00e9si lehet\u0151s\u00e9gekr\u0151l t\u00e1j\u00e9koztatjuk \u0151ket.&#8221; &#8211; Baranyin\u00e9 S\u00e1rk\u00f6zi Erika igazgat\u00f3, fejleszt\u00e9si igazgat\u00f3s\u00e1g.<\/p>\n<p>A beruh\u00e1z\u00e1s-sorozat teh\u00e1t j\u00fanius 15-\u00e9n a Zagyva-h\u00edd fel\u00faj\u00edt\u00e1s\u00e1val indul, mely sor\u00e1n eg\u00e9szen a szigetel\u00e9sig vissza kell bontani a h\u00edd j\u00e1r\u00f3fel\u00fclet\u00e9. Ez id\u0151szakosan forgalmi korl\u00e1toz\u00e1sokkal j\u00e1r majd. A szakemberek viszont mindent megtesznek az\u00e9rt, hogy mindig biztos\u00edts\u00e1k az \u00e1tkel\u00e9st a h\u00eddon, \u00e1m lesznek olyan munkaf\u00e1zisok, melyeket csak teljes \u00fatz\u00e1r mellett lehet elv\u00e9gezni. A h\u00edd fel\u00faj\u00edt\u00e1s\u00e1nak aktu\u00e1lis \u00e1llapot\u00e1t, valamint a forgalomkorl\u00e1toz\u00e1s \u00fctemterv\u00e9t is lehet a facebookon k\u00f6vetni. Nincs m\u00e1s feladat, mint a keres\u0151be be\u00edrni, hogy h\u00eddfel\u00faj\u00edt\u00e1s \u00e9s m\u00e1ris l\u00e1that\u00f3v\u00e1 v\u00e1lik az oldal. Nagy a forgalom a h\u00eddr\u00f3l lefel\u00e9, nehezen tudnak kanyarodni az aut\u00f3k, itt k\u00f6rforgalom \u00e9p\u00fcl majd, ami eg\u00e9szen biztosan megk\u00f6nny\u00edti \u00e9s felgyors\u00edtja a k\u00f6zleked\u00e9st. Itt a Besenysz\u00f6gi \u00fat mellett ker\u00e9kp\u00e1r\u00fat \u00e9p\u00fcl majd, ami folytat\u00f3dik a Mill\u00e9r ir\u00e1ny\u00e1ba \u00e9s tart eg\u00e9szen a v\u00edz\u00fcgyi m\u00fazeumig. A v\u00e1rosr\u00e9sz rehabilit\u00e1ci\u00f3j\u00e1ba tartozik az egykori T\u00fcd\u0151k\u00f3rh\u00e1z t\u00f6bb, mint n\u00e9gy hekt\u00e1ros ter\u00fclet\u00e9nek kialak\u00edt\u00e1sa. Itt park \u00e9s t\u00f6bbek k\u00f6z\u00f6tt sportp\u00e1ly\u00e1k illetve j\u00e1tsz\u00f3terek is lesznek.<\/p>\n<div style=\"width: 640px;\" class=\"wp-video\"><!--[if lt IE 9]><script>document.createElement('video');<\/script><![endif]-->\n<video class=\"wp-video-shortcode\" id=\"video-9236-1\" width=\"640\" height=\"360\" preload=\"metadata\" controls=\"controls\"><source type=\"video\/mp4\" src=\"\/spots\/hir\/hir_180606_05.mp4?_=1\" \/><a href=\"\/spots\/hir\/hir_180606_05.mp4\">\/spots\/hir\/hir_180606_05.mp4<\/a><\/video><\/div>\n","protected":false},"excerpt":{"rendered":"<p>K\u00e9sz\u00fclnek azok a nyomtatv\u00e1nyok, melyek 3.300 h\u00e1ztart\u00e1sba jutnak el a k\u00f6vetkez\u0151 napokban. A lakoss\u00e1got a Tallinn v\u00e1rosr\u00e9sz rehabilit\u00e1ci\u00f3j\u00e1r\u00f3l t\u00e1j\u00e9koztatj\u00e1k. Mint ismert: 3,5 milli\u00e1rd forintnyi Eur\u00f3pai uni\u00f3s t\u00e1mogat\u00e1sb\u00f3l fejl\u0151dik a ter\u00fclet. -A Besenysz\u00f6gi \u00faton kij\u00f6n \u00e9s ott lesz egy k\u00f6rforgalom.&#8221; Egy \u00faj 2 kilom\u00e9teres \u00fat \u00e9p\u00edt\u00e9s\u00e9nek r\u00e9szleteit mondja a polg\u00e1rmesteri hivatal fejleszt\u00e9si igazgat\u00f3ja az. Baranyin\u00e9 S\u00e1rk\u00f6zi [&hellip;]<\/p>\n","protected":false},"author":2,"featured_media":0,"comment_status":"closed","ping_status":"closed","sticky":false,"template":"","format":"standard","meta":[],"categories":[9],"tags":[],"_links":{"self":[{"href":"http:\/\/archiv.szolnoktv.hu\/index.php?rest_route=\/wp\/v2\/posts\/9236"}],"collection":[{"href":"http:\/\/archiv.szolnoktv.hu\/index.php?rest_route=\/wp\/v2\/posts"}],"about":[{"href":"http:\/\/archiv.szolnoktv.hu\/index.php?rest_route=\/wp\/v2\/types\/post"}],"author":[{"embeddable":true,"href":"http:\/\/archiv.szolnoktv.hu\/index.php?rest_route=\/wp\/v2\/users\/2"}],"replies":[{"embeddable":true,"href":"http:\/\/archiv.szolnoktv.hu\/index.php?rest_route=%2Fwp%2Fv2%2Fcomments&post=9236"}],"version-history":[{"count":1,"href":"http:\/\/archiv.szolnoktv.hu\/index.php?rest_route=\/wp\/v2\/posts\/9236\/revisions"}],"predecessor-version":[{"id":9339,"href":"http:\/\/archiv.szolnoktv.hu\/index.php?rest_route=\/wp\/v2\/posts\/9236\/revisions\/9339"}],"wp:attachment":[{"href":"http:\/\/archiv.szolnoktv.hu\/index.php?rest_route=%2Fwp%2Fv2%2Fmedia&parent=9236"}],"wp:term":[{"taxonomy":"category","embeddable":true,"href":"http:\/\/archiv.szolnoktv.hu\/index.php?rest_route=%2Fwp%2Fv2%2Fcategories&post=9236"},{"taxonomy":"post_tag","embeddable":true,"href":"http:\/\/archiv.szolnoktv.hu\/index.php?rest_route=%2Fwp%2Fv2%2Ftags&post=9236"}],"curies":[{"name":"wp","href":"https:\/\/api.w.org\/{rel}","templated":true}]}}