{"id":9235,"date":"2018-06-06T17:37:23","date_gmt":"2018-06-06T17:37:23","guid":{"rendered":"http:\/\/archiv.szolnoktv.hu\/?p=9235"},"modified":"2021-08-14T14:27:56","modified_gmt":"2021-08-14T14:27:56","slug":"ma-mar-nem-volt-dugo","status":"publish","type":"post","link":"http:\/\/archiv.szolnoktv.hu\/?p=9235","title":{"rendered":"Ma m\u00e1r nem volt dug\u00f3"},"content":{"rendered":"<div class='booster-block booster-read-block'><\/div><p>Kedden szinte teljesen megb\u00e9nult a forgalom a n\u00e9gyes szolnoki elker\u00fcl\u0151 burkolat- \u00e9s h\u00eddfel\u00faj\u00edt\u00e1si munk\u00e1i miatt&#8230; a ma d\u00e9lel\u0151tti \u00e1llapot teljesen m\u00e1st sugallt. A szakaszosan  meg\u00e1ll\u00edtott g\u00e9pj\u00e1rm\u0171veknek alig p\u00e1r percet kellett v\u00e1rakozni- \u00edgy jelent\u0151s sor sem alakult ki.<\/p>\n<p>&#8220;A k\u00f6zleked\u0151knek a magatart\u00e1sa \u00e1ltal\u00e1ban hektikus. Tegnap mar\u00e1si munka folyt ezen a szakaszon. Valami k\u00e9tsz\u00e1z m\u00e9terrel esetleg hosszabb ter\u00fcleten mint a mai nap ahogy a szeg\u00e9lybont\u00e1s \u00e9s annak az elt\u00e1vol\u00edt\u00e1sa folyik- ez nem olyan l\u00e1tv\u00e1nyos. Val\u00f3sz\u00edn\u0171leg az\u00e9rt lass\u00edtottak, hogy milyen munka folyhat, mi t\u00f6rt\u00e9nhet- mert ezt nem is tudjuk megmagyar\u00e1zni, hogy ma egy\u00e1ltal\u00e1n nincs forgalomfennakad\u00e1s, ma jelz\u0151\u0151r\u00f6s terel\u00e9s van mert ma is f\u00e9lp\u00e1ly\u00e1n megy a forgalom.&#8221;- mondta V\u00e1ntsa Zolt\u00e1n a Magyar K\u00f6z\u00fat Nonprofit Zrt. megyei igazgat\u00f3ja.<\/p>\n<p>Az \u00e9rintettek t\u00e1j\u00e9koztat\u00e1sa folyamatos, \u00edgy aki \u00e9rtes\u00fclt a v\u00e1rhat\u00f3 fennakad\u00e1sr\u00f3l, az m\u00e1r ma elker\u00fclte Szolnokot. Ma a rossz \u00e1llapot\u00fa szeg\u00e9lyelemek elt\u00e1vol\u00edt\u00e1s\u00e1n, valamint a hi\u00e1nyz\u00f3k p\u00f3tl\u00e1s\u00e1n dolgoztak. A munka ezen \u00fcteme a j\u00f6v\u0151 h\u00e9t k\u00f6zep\u00e9ig tart majd. Szerd\u00e1t\u00f3l kezdik meg v\u00e1rhat\u00f3an a lemart szakasz visszaaszfaltoz\u00e1s\u00e1t ami ism\u00e9t nagyobb forgalomfennakad\u00e1st okozhat.<br \/>\n<br \/>\n<div style=\"width: 640px;\" class=\"wp-video\"><!--[if lt IE 9]><script>document.createElement('video');<\/script><![endif]-->\n<video class=\"wp-video-shortcode\" id=\"video-9235-1\" width=\"640\" height=\"360\" preload=\"metadata\" controls=\"controls\"><source type=\"video\/mp4\" src=\"\/spots\/hir\/hir_180606_06.mp4?_=1\" \/><a href=\"\/spots\/hir\/hir_180606_06.mp4\">\/spots\/hir\/hir_180606_06.mp4<\/a><\/video><\/div><\/p>\n","protected":false},"excerpt":{"rendered":"<p>Kedden szinte teljesen megb\u00e9nult a forgalom a n\u00e9gyes szolnoki elker\u00fcl\u0151 burkolat- \u00e9s h\u00eddfel\u00faj\u00edt\u00e1si munk\u00e1i miatt&#8230; a ma d\u00e9lel\u0151tti \u00e1llapot teljesen m\u00e1st sugallt. A szakaszosan meg\u00e1ll\u00edtott g\u00e9pj\u00e1rm\u0171veknek alig p\u00e1r percet kellett v\u00e1rakozni- \u00edgy jelent\u0151s sor sem alakult ki. &#8220;A k\u00f6zleked\u0151knek a magatart\u00e1sa \u00e1ltal\u00e1ban hektikus. Tegnap mar\u00e1si munka folyt ezen a szakaszon. Valami k\u00e9tsz\u00e1z m\u00e9terrel esetleg hosszabb [&hellip;]<\/p>\n","protected":false},"author":2,"featured_media":0,"comment_status":"closed","ping_status":"closed","sticky":false,"template":"","format":"standard","meta":[],"categories":[9],"tags":[],"_links":{"self":[{"href":"http:\/\/archiv.szolnoktv.hu\/index.php?rest_route=\/wp\/v2\/posts\/9235"}],"collection":[{"href":"http:\/\/archiv.szolnoktv.hu\/index.php?rest_route=\/wp\/v2\/posts"}],"about":[{"href":"http:\/\/archiv.szolnoktv.hu\/index.php?rest_route=\/wp\/v2\/types\/post"}],"author":[{"embeddable":true,"href":"http:\/\/archiv.szolnoktv.hu\/index.php?rest_route=\/wp\/v2\/users\/2"}],"replies":[{"embeddable":true,"href":"http:\/\/archiv.szolnoktv.hu\/index.php?rest_route=%2Fwp%2Fv2%2Fcomments&post=9235"}],"version-history":[{"count":1,"href":"http:\/\/archiv.szolnoktv.hu\/index.php?rest_route=\/wp\/v2\/posts\/9235\/revisions"}],"predecessor-version":[{"id":9340,"href":"http:\/\/archiv.szolnoktv.hu\/index.php?rest_route=\/wp\/v2\/posts\/9235\/revisions\/9340"}],"wp:attachment":[{"href":"http:\/\/archiv.szolnoktv.hu\/index.php?rest_route=%2Fwp%2Fv2%2Fmedia&parent=9235"}],"wp:term":[{"taxonomy":"category","embeddable":true,"href":"http:\/\/archiv.szolnoktv.hu\/index.php?rest_route=%2Fwp%2Fv2%2Fcategories&post=9235"},{"taxonomy":"post_tag","embeddable":true,"href":"http:\/\/archiv.szolnoktv.hu\/index.php?rest_route=%2Fwp%2Fv2%2Ftags&post=9235"}],"curies":[{"name":"wp","href":"https:\/\/api.w.org\/{rel}","templated":true}]}}