{"id":9234,"date":"2018-06-06T15:35:38","date_gmt":"2018-06-06T15:35:38","guid":{"rendered":"http:\/\/archiv.szolnoktv.hu\/?p=9234"},"modified":"2021-08-14T14:27:57","modified_gmt":"2021-08-14T14:27:57","slug":"holnap-nyilik-a-89-unnepi-konyvhet","status":"publish","type":"post","link":"http:\/\/archiv.szolnoktv.hu\/?p=9234","title":{"rendered":"Holnap ny\u00edlik a 89. \u00dcnnepi K\u00f6nyvh\u00e9t"},"content":{"rendered":"<div class='booster-block booster-read-block'><\/div><p>Cs\u00fct\u00f6rt\u00f6kt\u0151l vas\u00e1rnapig  minden a k\u00f6nyvr\u0151l sz\u00f3l majd Szolnokon. A Kossuth t\u00e9r megtelik programokkal  \u00e9s \u00edr\u00f3kkal. <\/p>\n<p>&#8211; A Kossuth t\u00e9rre id\u00e9n is kitelep\u00fclnek a k\u00f6nyves s\u00e1trak, a tavalyin\u00e1l gazdagabb programk\u00edn\u00e1lattal, nem egy, hanem kett\u0151 k\u00f6nyv\u00e1rus lesz, a Damjanich J\u00e1nos M\u00fazeum \u00e9s az OTP is r\u00e9szt vesz a programban. Emellett folyamatosan cs\u00fct\u00f6rt\u00f6kt\u0151l szombaton is k\u00e9zm\u0171ves foglalkoz\u00e1sok , feln\u0151tteknek, gyerekeknek kreat\u00edv foglalkoz\u00e1sok is lesznek.&#8221; mondta  Czak\u00f3n\u00e9 Gacov Katalin igazgat\u00f3 .<\/p>\n<p>Az idei k\u00f6nyvh\u00e9t f\u00f3kusz\u00e1ban Szolnok \u00e9s megye \u00e1ll, ez\u00e9rt f\u0151leg helyi \u00e9s megyei k\u00f6t\u0151d\u00e9s\u0171 szerz\u0151k mutatkoznak be. T\u00f6bbek k\u00f6zt Zal\u00e1n Tibor, Bajnai Zsolt, Dr. \u00d6rsi Julianna, Jenei Gyula. A 17. Gyermekk\u00f6nyvnapok r\u00e9szek\u00e9nt lesz Petepite vet\u00e9lked\u0151, homokanim\u00e1ci\u00f3, b\u00e1bel\u0151ad\u00e1s. Az \u00fcnnepi k\u00f6nyvh\u00e9t ideje alatt ingyenes lesz a beiratkoz\u00e1s a Verseghy Ferenc K\u00f6nyvt\u00e1rba \u00e9s fi\u00f3kk\u00f6nyvt\u00e1raiba.<br \/>\n<br \/>\n<div style=\"width: 640px;\" class=\"wp-video\"><!--[if lt IE 9]><script>document.createElement('video');<\/script><![endif]-->\n<video class=\"wp-video-shortcode\" id=\"video-9234-1\" width=\"640\" height=\"360\" preload=\"metadata\" controls=\"controls\"><source type=\"video\/mp4\" src=\"\/spots\/hir\/hir_180606_02.mp4?_=1\" \/><a href=\"\/spots\/hir\/hir_180606_02.mp4\">\/spots\/hir\/hir_180606_02.mp4<\/a><\/video><\/div><\/p>\n","protected":false},"excerpt":{"rendered":"<p>Cs\u00fct\u00f6rt\u00f6kt\u0151l vas\u00e1rnapig minden a k\u00f6nyvr\u0151l sz\u00f3l majd Szolnokon. A Kossuth t\u00e9r megtelik programokkal \u00e9s \u00edr\u00f3kkal. &#8211; A Kossuth t\u00e9rre id\u00e9n is kitelep\u00fclnek a k\u00f6nyves s\u00e1trak, a tavalyin\u00e1l gazdagabb programk\u00edn\u00e1lattal, nem egy, hanem kett\u0151 k\u00f6nyv\u00e1rus lesz, a Damjanich J\u00e1nos M\u00fazeum \u00e9s az OTP is r\u00e9szt vesz a programban. Emellett folyamatosan cs\u00fct\u00f6rt\u00f6kt\u0151l szombaton is k\u00e9zm\u0171ves foglalkoz\u00e1sok , [&hellip;]<\/p>\n","protected":false},"author":2,"featured_media":0,"comment_status":"closed","ping_status":"closed","sticky":false,"template":"","format":"standard","meta":[],"categories":[9],"tags":[],"_links":{"self":[{"href":"http:\/\/archiv.szolnoktv.hu\/index.php?rest_route=\/wp\/v2\/posts\/9234"}],"collection":[{"href":"http:\/\/archiv.szolnoktv.hu\/index.php?rest_route=\/wp\/v2\/posts"}],"about":[{"href":"http:\/\/archiv.szolnoktv.hu\/index.php?rest_route=\/wp\/v2\/types\/post"}],"author":[{"embeddable":true,"href":"http:\/\/archiv.szolnoktv.hu\/index.php?rest_route=\/wp\/v2\/users\/2"}],"replies":[{"embeddable":true,"href":"http:\/\/archiv.szolnoktv.hu\/index.php?rest_route=%2Fwp%2Fv2%2Fcomments&post=9234"}],"version-history":[{"count":1,"href":"http:\/\/archiv.szolnoktv.hu\/index.php?rest_route=\/wp\/v2\/posts\/9234\/revisions"}],"predecessor-version":[{"id":9341,"href":"http:\/\/archiv.szolnoktv.hu\/index.php?rest_route=\/wp\/v2\/posts\/9234\/revisions\/9341"}],"wp:attachment":[{"href":"http:\/\/archiv.szolnoktv.hu\/index.php?rest_route=%2Fwp%2Fv2%2Fmedia&parent=9234"}],"wp:term":[{"taxonomy":"category","embeddable":true,"href":"http:\/\/archiv.szolnoktv.hu\/index.php?rest_route=%2Fwp%2Fv2%2Fcategories&post=9234"},{"taxonomy":"post_tag","embeddable":true,"href":"http:\/\/archiv.szolnoktv.hu\/index.php?rest_route=%2Fwp%2Fv2%2Ftags&post=9234"}],"curies":[{"name":"wp","href":"https:\/\/api.w.org\/{rel}","templated":true}]}}