{"id":9233,"date":"2018-06-06T15:25:43","date_gmt":"2018-06-06T15:25:43","guid":{"rendered":"http:\/\/archiv.szolnoktv.hu\/?p=9233"},"modified":"2021-08-14T14:27:57","modified_gmt":"2021-08-14T14:27:57","slug":"szolnok-hazavar-szolnokon-a-jovod","status":"publish","type":"post","link":"http:\/\/archiv.szolnoktv.hu\/?p=9233","title":{"rendered":"Szolnok hazav\u00e1r-Szolnokon a j\u00f6v\u0151d"},"content":{"rendered":"<div class='booster-block booster-read-block'><\/div><p>S\u00e1rk\u00e1ny Patrik a Szolnokon a J\u00f6v\u0151d Program mentor\u00e1ltjak\u00e9nt dolgozik a megyei k\u00f3rh\u00e1z urol\u00f3giai oszt\u00e1ly\u00e1n. <br \/>Szolnokon j\u00e1rt iskol\u00e1ba, itt szerezte meg az E kateg\u00f3ri\u00e1s \u00e1pol\u00f3i v\u00e9gzetts\u00e9get \u00e9s itt  k\u00e9pzeli el a j\u00f6v\u0151j\u00e9t. A gyakornoki programban havi 10 ezer forintos t\u00e1mogat\u00e1st \u00e9s mentor\u00e1l\u00e1st is kap a v\u00e1rost\u00f3l. <\/p>\n<p>S\u00e1rk\u00e1ny Partik,  E kateg\u00f3ri\u00e1s \u00e1pol\u00f3:<br \/>-&#8220;Egy szakmai tan\u00e1csad\u00e1st kapunk, ezt b\u00e1rmikor megig\u00e9nyelhetj\u00fck, b\u00e1rmikor fordulhatunk hozz\u00e1juk, vagy ha valami probl\u00e9m\u00e1nk van, de csak az itteni f\u0151n\u00f6ks\u00e9ggel tudunk egyeztetni, hanem vel\u00fck is.&#8221;<\/p>\n<p>Beilleszked\u00e9s\u00fcket konfliktuskezel\u0151 tr\u00e9ningek  \u00e9s  ki\u00e9g\u00e9s elleni technik\u00e1k is seg\u00edtik. <br \/>A Szolnok Hazav\u00e1r Program 10 \u00e9ve m\u0171k\u00f6dik a megyesz\u00e9khelyen. A fiatalok elhelyezked\u00e9s\u00e9t, a szolnoki munkav\u00e1llal\u00e1st \u00e9s a lakhat\u00e1st is t\u00e1mogatja a v\u00e1ros. A program fel\u00fclvizsg\u00e1lata m\u00e1jus 31-\u00e9n zajlott. <br \/>A fels\u0151oktat\u00e1si \u00f6szt\u00f6nd\u00edj programban 25  Szolnokon tanul\u00f3t,  \u00e9s 34 szolnoki, \u00e1m m\u00e1s v\u00e1rosban tanul\u00f3 hallgat\u00f3t t\u00e1mogat a v\u00e1ros havi 15 ezer,illetve 40-80 ezer forinttal. <br \/>Ide  a megyei k\u00f3rh\u00e1zba is t\u00f6bb orvostanhallgat\u00f3t v\u00e1rnak, akik jelenleg is t\u00e1mogat\u00e1st kapnak a v\u00e1rost\u00f3l, cser\u00e9be pedig Szolnokon helyezkednek el. A t\u00e1mogat\u00e1si forma egyik pill\u00e9re a szakk\u00e9pz\u00e9sben r\u00e9szt vett fiataloknak sz\u00f3l\u00f3  Szolnokon a J\u00f6v\u0151d gyakornoki program, mely 22 fiatal p\u00e1lyakezd\u0151t seg\u00edtett eddig. <\/p>\n<p>Bagdi Gabriella ifj\u00fas\u00e1gi referens, polg\u00e1rmesteri hivatal<\/p>\n<p>-&#8220;Az els\u0151 k\u00eds\u00e9rleti \u00e9vben 5 fiatal helyezkedett el \u00e9s mind az 5 fiatal  a Segura Kft-n\u00e9l. A  k\u00f6vetkez\u0151 \u00e9vben, tavaly 17 fiatal elhelyezked\u00e9s\u00e9t seg\u00edtett\u00fck, illetve mentor\u00e1ltuk az \u0151 elhelyezked\u00e9s\u00fcket. Itt m\u00e1r a Szolg\u00e1ltat\u00e1si Szakk\u00e9pz\u0151 Centrum fiataljai is bekapcsol\u00f3dtak,hiszen az egyik foglalkoztat\u00f3 a Het\u00e9nyi G\u00e9za K\u00f3rh\u00e1z lett.&#8221;<\/p>\n<p> A M\u00c1V J\u00e1rm\u0171jav\u00edt\u00f3ban \u00e9s a B\u00e9res Gy\u00f3gyszergy\u00e1rn\u00e1l is dolgoznak m\u00e1r mentor\u00e1lt fiatalok. Az \u00f6nkorm\u00e1nyzat j\u00f3volt\u00e1b\u00f3l 21 fiatal  jutott eddig \u00f6nkorm\u00e1nyzati lak\u00e1shoz , de az els\u0151 lak\u00e1shoz jut\u00e1st is t\u00e1mogatta m\u00e1r a v\u00e1ros, melynek \u00f6sszege egy\u00e9bk\u00e9nt  el\u00e9rheti az 500 ezer forintot is. Valamennyi t\u00e1mogat\u00e1si forma c\u00e9lja, a v\u00e1ros lakoss\u00e1gmegtart\u00f3 erej\u00e9nek n\u00f6vel\u00e9se.<\/p>\n<div style=\"width: 640px;\" class=\"wp-video\"><!--[if lt IE 9]><script>document.createElement('video');<\/script><![endif]-->\n<video class=\"wp-video-shortcode\" id=\"video-9233-1\" width=\"640\" height=\"360\" preload=\"metadata\" controls=\"controls\"><source type=\"video\/mp4\" src=\"\/spots\/hir\/hir_180606_01.mp4?_=1\" \/><a href=\"\/spots\/hir\/hir_180606_01.mp4\">\/spots\/hir\/hir_180606_01.mp4<\/a><\/video><\/div>\n","protected":false},"excerpt":{"rendered":"<p>S\u00e1rk\u00e1ny Patrik a Szolnokon a J\u00f6v\u0151d Program mentor\u00e1ltjak\u00e9nt dolgozik a megyei k\u00f3rh\u00e1z urol\u00f3giai oszt\u00e1ly\u00e1n. Szolnokon j\u00e1rt iskol\u00e1ba, itt szerezte meg az E kateg\u00f3ri\u00e1s \u00e1pol\u00f3i v\u00e9gzetts\u00e9get \u00e9s itt k\u00e9pzeli el a j\u00f6v\u0151j\u00e9t. A gyakornoki programban havi 10 ezer forintos t\u00e1mogat\u00e1st \u00e9s mentor\u00e1l\u00e1st is kap a v\u00e1rost\u00f3l. S\u00e1rk\u00e1ny Partik, E kateg\u00f3ri\u00e1s \u00e1pol\u00f3:-&#8220;Egy szakmai tan\u00e1csad\u00e1st kapunk, ezt b\u00e1rmikor [&hellip;]<\/p>\n","protected":false},"author":2,"featured_media":0,"comment_status":"closed","ping_status":"closed","sticky":false,"template":"","format":"standard","meta":[],"categories":[9],"tags":[],"_links":{"self":[{"href":"http:\/\/archiv.szolnoktv.hu\/index.php?rest_route=\/wp\/v2\/posts\/9233"}],"collection":[{"href":"http:\/\/archiv.szolnoktv.hu\/index.php?rest_route=\/wp\/v2\/posts"}],"about":[{"href":"http:\/\/archiv.szolnoktv.hu\/index.php?rest_route=\/wp\/v2\/types\/post"}],"author":[{"embeddable":true,"href":"http:\/\/archiv.szolnoktv.hu\/index.php?rest_route=\/wp\/v2\/users\/2"}],"replies":[{"embeddable":true,"href":"http:\/\/archiv.szolnoktv.hu\/index.php?rest_route=%2Fwp%2Fv2%2Fcomments&post=9233"}],"version-history":[{"count":1,"href":"http:\/\/archiv.szolnoktv.hu\/index.php?rest_route=\/wp\/v2\/posts\/9233\/revisions"}],"predecessor-version":[{"id":9342,"href":"http:\/\/archiv.szolnoktv.hu\/index.php?rest_route=\/wp\/v2\/posts\/9233\/revisions\/9342"}],"wp:attachment":[{"href":"http:\/\/archiv.szolnoktv.hu\/index.php?rest_route=%2Fwp%2Fv2%2Fmedia&parent=9233"}],"wp:term":[{"taxonomy":"category","embeddable":true,"href":"http:\/\/archiv.szolnoktv.hu\/index.php?rest_route=%2Fwp%2Fv2%2Fcategories&post=9233"},{"taxonomy":"post_tag","embeddable":true,"href":"http:\/\/archiv.szolnoktv.hu\/index.php?rest_route=%2Fwp%2Fv2%2Ftags&post=9233"}],"curies":[{"name":"wp","href":"https:\/\/api.w.org\/{rel}","templated":true}]}}