{"id":9232,"date":"2018-06-06T15:17:04","date_gmt":"2018-06-06T15:17:04","guid":{"rendered":"http:\/\/archiv.szolnoktv.hu\/?p=9232"},"modified":"2021-08-14T14:27:58","modified_gmt":"2021-08-14T14:27:58","slug":"lelkem-szikrai-kiallitas","status":"publish","type":"post","link":"http:\/\/archiv.szolnoktv.hu\/?p=9232","title":{"rendered":"Lelkem szikr\u00e1i ki\u00e1ll\u00edt\u00e1s"},"content":{"rendered":"<div class='booster-block booster-read-block'><\/div><p>Kerekes Andrea h\u00e9tk\u00f6znapi foglalkoz\u00e1sa mellett fordult a m\u0171v\u00e9szetek fel\u00e9.  Egy k\u00fcl\u00f6nleges technik\u00e1t, a h\u00e1romdimenzi\u00f3s textilk\u00e9p \u00e9s szobork\u00e9sz\u00edt\u00e9st: a paverpolt v\u00e1lasztotta. Olyan t\u0171z \u00e9g benne, mely t\u00e1pl\u00e1lja alkot\u00f3v\u00e1gy\u00e1t.  K\u00e9pei, szobrai \u00e9rzelmekkel tel\u00edtettek, mozgalmasak, sz\u00ednesek. Lelk\u00e9nek szikr\u00e1i \u00e9ltetik kreativit\u00e1s\u00e1t, k\u00e9pei az \u0151  bels\u0151  vil\u00e1g\u00e1nak kibontakoz\u00e1sai. \u00c9rz\u00e9sei sz\u00ednekben, form\u00e1kban, mint\u00e1kban, mozdulatokban \u00f6ltenek alakot. A textil finoms\u00e1ga, alkalmazkod\u00e1sa a gondolathoz, a sz\u00ednek j\u00e1t\u00e9ka, a form\u00e1k karaktere hozza l\u00e9tre az alkot\u00e1st. A t\u00e1rlat el\u00e9nk t\u00e1rja mindazt az element\u00e1ris energi\u00e1t, \u00e9rzelmi t\u00f6lt\u00e9st, amit a az alkot\u00f3 \u00e9l \u00e1t a mindennapokban. A ki\u00e1ll\u00edt\u00e1s a Verseghy Ferenc k\u00f6nyvt\u00e1r els\u0151 emeleti M\u0171v\u00e9szeti Szalonj\u00e1ban tekinthet\u0151 meg, j\u00fanius 29-ig. <\/p>\n<div style=\"width: 640px;\" class=\"wp-video\"><!--[if lt IE 9]><script>document.createElement('video');<\/script><![endif]-->\n<video class=\"wp-video-shortcode\" id=\"video-9232-1\" width=\"640\" height=\"360\" preload=\"metadata\" controls=\"controls\"><source type=\"video\/mp4\" src=\"\/spots\/hir\/hir_180606_03.mp4?_=1\" \/><a href=\"\/spots\/hir\/hir_180606_03.mp4\">\/spots\/hir\/hir_180606_03.mp4<\/a><\/video><\/div>\n","protected":false},"excerpt":{"rendered":"<p>Kerekes Andrea h\u00e9tk\u00f6znapi foglalkoz\u00e1sa mellett fordult a m\u0171v\u00e9szetek fel\u00e9. Egy k\u00fcl\u00f6nleges technik\u00e1t, a h\u00e1romdimenzi\u00f3s textilk\u00e9p \u00e9s szobork\u00e9sz\u00edt\u00e9st: a paverpolt v\u00e1lasztotta. Olyan t\u0171z \u00e9g benne, mely t\u00e1pl\u00e1lja alkot\u00f3v\u00e1gy\u00e1t. K\u00e9pei, szobrai \u00e9rzelmekkel tel\u00edtettek, mozgalmasak, sz\u00ednesek. Lelk\u00e9nek szikr\u00e1i \u00e9ltetik kreativit\u00e1s\u00e1t, k\u00e9pei az \u0151 bels\u0151 vil\u00e1g\u00e1nak kibontakoz\u00e1sai. \u00c9rz\u00e9sei sz\u00ednekben, form\u00e1kban, mint\u00e1kban, mozdulatokban \u00f6ltenek alakot. A textil finoms\u00e1ga, alkalmazkod\u00e1sa a [&hellip;]<\/p>\n","protected":false},"author":2,"featured_media":0,"comment_status":"closed","ping_status":"closed","sticky":false,"template":"","format":"standard","meta":[],"categories":[9],"tags":[],"_links":{"self":[{"href":"http:\/\/archiv.szolnoktv.hu\/index.php?rest_route=\/wp\/v2\/posts\/9232"}],"collection":[{"href":"http:\/\/archiv.szolnoktv.hu\/index.php?rest_route=\/wp\/v2\/posts"}],"about":[{"href":"http:\/\/archiv.szolnoktv.hu\/index.php?rest_route=\/wp\/v2\/types\/post"}],"author":[{"embeddable":true,"href":"http:\/\/archiv.szolnoktv.hu\/index.php?rest_route=\/wp\/v2\/users\/2"}],"replies":[{"embeddable":true,"href":"http:\/\/archiv.szolnoktv.hu\/index.php?rest_route=%2Fwp%2Fv2%2Fcomments&post=9232"}],"version-history":[{"count":1,"href":"http:\/\/archiv.szolnoktv.hu\/index.php?rest_route=\/wp\/v2\/posts\/9232\/revisions"}],"predecessor-version":[{"id":9343,"href":"http:\/\/archiv.szolnoktv.hu\/index.php?rest_route=\/wp\/v2\/posts\/9232\/revisions\/9343"}],"wp:attachment":[{"href":"http:\/\/archiv.szolnoktv.hu\/index.php?rest_route=%2Fwp%2Fv2%2Fmedia&parent=9232"}],"wp:term":[{"taxonomy":"category","embeddable":true,"href":"http:\/\/archiv.szolnoktv.hu\/index.php?rest_route=%2Fwp%2Fv2%2Fcategories&post=9232"},{"taxonomy":"post_tag","embeddable":true,"href":"http:\/\/archiv.szolnoktv.hu\/index.php?rest_route=%2Fwp%2Fv2%2Ftags&post=9232"}],"curies":[{"name":"wp","href":"https:\/\/api.w.org\/{rel}","templated":true}]}}