{"id":9231,"date":"2018-06-06T15:06:08","date_gmt":"2018-06-06T15:06:08","guid":{"rendered":"http:\/\/archiv.szolnoktv.hu\/?p=9231"},"modified":"2021-08-14T14:27:58","modified_gmt":"2021-08-14T14:27:58","slug":"kedvezmeny-az-utcai-kiulokre","status":"publish","type":"post","link":"http:\/\/archiv.szolnoktv.hu\/?p=9231","title":{"rendered":"Kedvezm\u00e9ny az utcai ki\u00fcl\u0151kre"},"content":{"rendered":"<div class='booster-block booster-read-block'><\/div><p>A Kossuth t\u00e9ri New York k\u00e1v\u00e9z\u00f3 \u00e9s bisztr\u00f3 vend\u00e9gei m\u00e1rcius \u00f3ta v\u00e1laszthatnak kint-, vagy bent szeretn\u00e9k rendel\u00e9s\u00fcket leadni. <\/p>\n<p>&#8220;Sokkal jobban szeretnek kint \u00fclni. Ugye vannak doh\u00e1nyz\u00f3 asztalaink is nyilv\u00e1n ugye a doh\u00e1nyosok jobban prefer\u00e1lj\u00e1k a kerthelyis\u00e9get, illetve h\u00e1t a j\u00f3 id\u0151ben csak jobban szeret az ember egy teraszon k\u00e1v\u00e9zgatni.&#8221;- tudtuk meg  Vinkler Lilla  felszolg\u00e1l\u00f3t\u00f3l.<\/p>\n<p>Az \u00f6nkorm\u00e1nyzat 2017- ben d\u00f6nt\u00f6tt \u00fagy, hogy kedvezm\u00e9nyes ter\u00fcletfoglal\u00e1si d\u00edjjal \u00f6szt\u00f6nzi az utcai vend\u00e9gl\u00e1t\u00e1s c\u00e9lj\u00e1ra ig\u00e9nyelt j\u00e1rdaszakasz b\u00e9rl\u00e9s\u00e9t.<\/p>\n<p> &#8220;2018- \u00e9vben 60%- al cs\u00f6kkentj\u00fck ezt a d\u00edjat, 2019- ben 40%- al, 20- \u00e9s ut\u00e1na 2020- ban visszat\u00e9r\u00fcnk az eredeti d\u00edjra.&#8221;- mondta el k\u00e9rd\u00e9s\u00fcnkre Ver\u00e9b S\u00e1ndor a v\u00e1ros\u00fczemeltet\u00e9si oszt\u00e1ly vezet\u0151je.<\/p>\n<p>Az utcai nyit\u00e1s mellett d\u00f6nt\u0151 vend\u00e9gl\u00e1t\u00f3hely k\u00e9relm\u00e9t els\u0151 k\u00f6rben a v\u00e1rosi f\u0151\u00e9p\u00edt\u00e9sz hagyja j\u00f3v\u00e1. A Nyugat- eur\u00f3pai mint\u00e1t alapul v\u00e9ve a viszonylag sz\u0171k keresztmetszet\u0171 utc\u00e1k sem jelentenek akad\u00e1lyt. <\/p>\n<p>&#8220;Vannak olyan helyek ahol nem ilyen param\u00e9terek vannak mint a Kossuth t\u00e9ren, de ezt meg el kell fogadnunk mert k\u00fclf\u00f6ld\u00f6n is vannak olyan helyek ahol f\u00e9l m\u00e9ter van a j\u00e1rd\u00e1n \u00e9s ott is el tud menni az ember.&#8221;<\/p>\n<p>Az \u00e1ltalunk megk\u00e9rdezett Kossuth t\u00e9ri vend\u00e9gl\u00e1t\u00f3hely tulajdonosa egyed\u00fcl a ker\u00e9kp\u00e1rosokra panaszkodott, akik a gyalogosok sz\u00e1m\u00e1ra szabadon hagyott folyos\u00f3ba is gyakran behajtanak. Szolnokon jelenleg 24 utc\u00e1ra telep\u00fclt terasz m\u0171k\u00f6dik. \u00dczemeltet\u0151ik felel\u0151ss\u00e9ge \u00e9s k\u00f6teless\u00e9ge azok takar\u00edt\u00e1sa, rendbentart\u00e1sa.<br \/>\n<br \/>\n<div style=\"width: 640px;\" class=\"wp-video\"><!--[if lt IE 9]><script>document.createElement('video');<\/script><![endif]-->\n<video class=\"wp-video-shortcode\" id=\"video-9231-1\" width=\"640\" height=\"360\" preload=\"metadata\" controls=\"controls\"><source type=\"video\/mp4\" src=\"\/spots\/hir\/hir_180605_03.mp4?_=1\" \/><a href=\"\/spots\/hir\/hir_180605_03.mp4\">\/spots\/hir\/hir_180605_03.mp4<\/a><\/video><\/div><\/p>\n","protected":false},"excerpt":{"rendered":"<p>A Kossuth t\u00e9ri New York k\u00e1v\u00e9z\u00f3 \u00e9s bisztr\u00f3 vend\u00e9gei m\u00e1rcius \u00f3ta v\u00e1laszthatnak kint-, vagy bent szeretn\u00e9k rendel\u00e9s\u00fcket leadni. &#8220;Sokkal jobban szeretnek kint \u00fclni. Ugye vannak doh\u00e1nyz\u00f3 asztalaink is nyilv\u00e1n ugye a doh\u00e1nyosok jobban prefer\u00e1lj\u00e1k a kerthelyis\u00e9get, illetve h\u00e1t a j\u00f3 id\u0151ben csak jobban szeret az ember egy teraszon k\u00e1v\u00e9zgatni.&#8221;- tudtuk meg Vinkler Lilla felszolg\u00e1l\u00f3t\u00f3l. Az [&hellip;]<\/p>\n","protected":false},"author":2,"featured_media":0,"comment_status":"closed","ping_status":"closed","sticky":false,"template":"","format":"standard","meta":[],"categories":[9],"tags":[],"_links":{"self":[{"href":"http:\/\/archiv.szolnoktv.hu\/index.php?rest_route=\/wp\/v2\/posts\/9231"}],"collection":[{"href":"http:\/\/archiv.szolnoktv.hu\/index.php?rest_route=\/wp\/v2\/posts"}],"about":[{"href":"http:\/\/archiv.szolnoktv.hu\/index.php?rest_route=\/wp\/v2\/types\/post"}],"author":[{"embeddable":true,"href":"http:\/\/archiv.szolnoktv.hu\/index.php?rest_route=\/wp\/v2\/users\/2"}],"replies":[{"embeddable":true,"href":"http:\/\/archiv.szolnoktv.hu\/index.php?rest_route=%2Fwp%2Fv2%2Fcomments&post=9231"}],"version-history":[{"count":1,"href":"http:\/\/archiv.szolnoktv.hu\/index.php?rest_route=\/wp\/v2\/posts\/9231\/revisions"}],"predecessor-version":[{"id":9344,"href":"http:\/\/archiv.szolnoktv.hu\/index.php?rest_route=\/wp\/v2\/posts\/9231\/revisions\/9344"}],"wp:attachment":[{"href":"http:\/\/archiv.szolnoktv.hu\/index.php?rest_route=%2Fwp%2Fv2%2Fmedia&parent=9231"}],"wp:term":[{"taxonomy":"category","embeddable":true,"href":"http:\/\/archiv.szolnoktv.hu\/index.php?rest_route=%2Fwp%2Fv2%2Fcategories&post=9231"},{"taxonomy":"post_tag","embeddable":true,"href":"http:\/\/archiv.szolnoktv.hu\/index.php?rest_route=%2Fwp%2Fv2%2Ftags&post=9231"}],"curies":[{"name":"wp","href":"https:\/\/api.w.org\/{rel}","templated":true}]}}