{"id":9230,"date":"2018-06-06T15:03:43","date_gmt":"2018-06-06T15:03:43","guid":{"rendered":"http:\/\/archiv.szolnoktv.hu\/?p=9230"},"modified":"2021-08-14T14:27:59","modified_gmt":"2021-08-14T14:27:59","slug":"ujra-szol-a-hegedu-es-a-cimbalom","status":"publish","type":"post","link":"http:\/\/archiv.szolnoktv.hu\/?p=9230","title":{"rendered":"\u00dajra sz\u00f3l a heged\u0171 \u00e9s a cimbalom"},"content":{"rendered":"<div class='booster-block booster-read-block'><\/div><p>\u00dajra sz\u00f3l a heged\u0171 \u00e9s peng a cimbalom a Tisza sz\u00e1ll\u00f3 terasz\u00e1n. A cig\u00e1nyzenekar a h\u00e9t minden napj\u00e1n h\u00fazza \u00e9s a reperto\u00e1r is szerte\u00e1gaz\u00f3, mert a magyar n\u00f3t\u00e1t\u00f3l kezdve, a cs\u00e1rd\u00e1sokon \u00e9s a sanzonokon \u00e1t az operettel bez\u00e1r\u00f3an t\u00f6bbf\u00e9le st\u00edlus csend\u00fcl fel.  <\/p>\n<p>-M\u00e9g most indul a szezon, igaz\u00e1b\u00f3l nem is tudom, hogy mi lesz itt a k\u00f6vetelm\u00e9ny. Egyel\u0151re m\u00e9g magyar vend\u00e9gek vannak \u00e9s azok nagyon meg vannak el\u00e9gedve. Mi is meg vagyunk el\u00e9gedve, j\u00f3l \u00e9rezz\u00fck magunkat.&#8221;  &#8211; mondta id. K\u00f6k\u00e9ny Ern\u0151, pr\u00edm\u00e1s<\/p>\n<p>A zenekar tagjai eur\u00f3pai h\u00edr\u0171 m\u0171v\u00e9szek, K\u00f6k\u00e9ny Ern\u0151 a t\u00f6bbi k\u00f6z\u00f6tt Budapesten a Hiltonban, a Continentalban \u00e9s a Gell\u00e9rt hotelben is j\u00e1tszott, illetve Eur\u00f3pa orsz\u00e1gaiban, valamint a tengerent\u00falon is t\u00f6bbsz\u00f6r fell\u00e9pett.<\/p>\n<p>A korm\u00e1ny ebben az \u00e9vben \u00edrta ki a Muzsik\u00e1l\u00f3 Magyarorsz\u00e1g p\u00e1ly\u00e1zatot, amely c\u00e9lja, hogy a min\u0151s\u00e9gi cig\u00e1nyzen\u00e9t n\u00e9pszer\u0171s\u00edtse, valamint t\u00e1mogassa. A p\u00e1ly\u00e1zat keret\u00e9ben 8 f\u0151v\u00e1rosi \u00e9s 8 vid\u00e9ki \u00e9tteremben  &#8211;  k\u00f6zt\u00fck Szolnokon- sz\u00f3l eg\u00e9sz ny\u00e1ron a cig\u00e1nyzene. <\/p>\n<p>Dr. Moln\u00e1r Be\u00e1ta \u00fcgyvezet\u0151 igazgat\u00f3, \u00fagy fogalmazott &#8211; -Hivat\u00e1sos zen\u00e9szek \u00e9s Eur\u00f3p\u00e1ban elismert id\u0151sebb K\u00f6k\u00e9ny Ern\u0151 \u00e9s zenekara az, akivel nyert\u00fck ezt a p\u00e1ly\u00e1zatot \u00e9s k\u00f6z\u00f6sen val\u00f3s\u00edtjuk meg.&#8221; <\/p>\n<p>A zen\u00e9szek augusztus 20-ig hallhat\u00f3k Szolnokon h\u00e9tk\u00f6znapokon 17 \u00e9s 21 \u00f3ra k\u00f6z\u00f6tt, szombaton d\u00e9lt\u0151l este 9-ig, vas\u00e1rnap pedig 12 \u00f3r\u00e1t\u00f3l 16 \u00f3r\u00e1ig.  <\/p>\n<div style=\"width: 640px;\" class=\"wp-video\"><!--[if lt IE 9]><script>document.createElement('video');<\/script><![endif]-->\n<video class=\"wp-video-shortcode\" id=\"video-9230-1\" width=\"640\" height=\"360\" preload=\"metadata\" controls=\"controls\"><source type=\"video\/mp4\" src=\"\/spots\/hir\/hir_180606_04.mp4?_=1\" \/><a href=\"\/spots\/hir\/hir_180606_04.mp4\">\/spots\/hir\/hir_180606_04.mp4<\/a><\/video><\/div>\n","protected":false},"excerpt":{"rendered":"<p>\u00dajra sz\u00f3l a heged\u0171 \u00e9s peng a cimbalom a Tisza sz\u00e1ll\u00f3 terasz\u00e1n. A cig\u00e1nyzenekar a h\u00e9t minden napj\u00e1n h\u00fazza \u00e9s a reperto\u00e1r is szerte\u00e1gaz\u00f3, mert a magyar n\u00f3t\u00e1t\u00f3l kezdve, a cs\u00e1rd\u00e1sokon \u00e9s a sanzonokon \u00e1t az operettel bez\u00e1r\u00f3an t\u00f6bbf\u00e9le st\u00edlus csend\u00fcl fel. -M\u00e9g most indul a szezon, igaz\u00e1b\u00f3l nem is tudom, hogy mi lesz itt [&hellip;]<\/p>\n","protected":false},"author":2,"featured_media":0,"comment_status":"closed","ping_status":"closed","sticky":false,"template":"","format":"standard","meta":[],"categories":[9],"tags":[],"_links":{"self":[{"href":"http:\/\/archiv.szolnoktv.hu\/index.php?rest_route=\/wp\/v2\/posts\/9230"}],"collection":[{"href":"http:\/\/archiv.szolnoktv.hu\/index.php?rest_route=\/wp\/v2\/posts"}],"about":[{"href":"http:\/\/archiv.szolnoktv.hu\/index.php?rest_route=\/wp\/v2\/types\/post"}],"author":[{"embeddable":true,"href":"http:\/\/archiv.szolnoktv.hu\/index.php?rest_route=\/wp\/v2\/users\/2"}],"replies":[{"embeddable":true,"href":"http:\/\/archiv.szolnoktv.hu\/index.php?rest_route=%2Fwp%2Fv2%2Fcomments&post=9230"}],"version-history":[{"count":1,"href":"http:\/\/archiv.szolnoktv.hu\/index.php?rest_route=\/wp\/v2\/posts\/9230\/revisions"}],"predecessor-version":[{"id":9345,"href":"http:\/\/archiv.szolnoktv.hu\/index.php?rest_route=\/wp\/v2\/posts\/9230\/revisions\/9345"}],"wp:attachment":[{"href":"http:\/\/archiv.szolnoktv.hu\/index.php?rest_route=%2Fwp%2Fv2%2Fmedia&parent=9230"}],"wp:term":[{"taxonomy":"category","embeddable":true,"href":"http:\/\/archiv.szolnoktv.hu\/index.php?rest_route=%2Fwp%2Fv2%2Fcategories&post=9230"},{"taxonomy":"post_tag","embeddable":true,"href":"http:\/\/archiv.szolnoktv.hu\/index.php?rest_route=%2Fwp%2Fv2%2Ftags&post=9230"}],"curies":[{"name":"wp","href":"https:\/\/api.w.org\/{rel}","templated":true}]}}