{"id":9229,"date":"2018-06-05T16:54:42","date_gmt":"2018-06-05T16:54:42","guid":{"rendered":"http:\/\/archiv.szolnoktv.hu\/?p=9229"},"modified":"2021-08-14T14:27:59","modified_gmt":"2021-08-14T14:27:59","slug":"legi-felderitesi-gyakorlat","status":"publish","type":"post","link":"http:\/\/archiv.szolnoktv.hu\/?p=9229","title":{"rendered":"L\u00e9gi felder\u00edt\u00e9si gyakorlat"},"content":{"rendered":"<div class='booster-block booster-read-block'><\/div><p>L\u00e9gi felder\u00edt\u00e9si gyakorlatra sietnek a katon\u00e1k. Az els\u0151 csoport. Alg\u00e9ri\u00e1b\u00f3l, Egyiptomb\u00f3l, Eti\u00f3pi\u00e1b\u00f3l, Indi\u00e1b\u00f3l, Kanad\u00e1b\u00f3l, K\u00edn\u00e1b\u00f3l \u00e9s Magyarorsz\u00e1gr\u00f3l is \u00e9rkeztek, \u00f6sszesen 27-en, hogy r\u00e9szt vegyenek a 35-ik Nemzetk\u00f6zi Katonai Megfigyel\u0151 Tanfolyamon. A 3 hetes k\u00e9pz\u00e9s r\u00e9szek\u00e9nt emelkedtek a leveg\u0151be. A gyakorlat sor\u00e1n alacsony magass\u00e1gb\u00f3l kellett a be\u00e1ll\u00edtott szitu\u00e1ci\u00f3kat megfigyelni\u00fck a katon\u00e1knak. \u00c1rv\u00edzhelyzet, t\u00fcntet\u0151k, ellens\u00e9ges csapatmozg\u00e1s \u00e9s katonai rep\u00fcl\u0151b\u00e1zis szemrev\u00e9telez\u00e9se. Mindent jegyzeteli, m\u00e9rni, jel\u00f6lni kellett a t\u00e9rk\u00e9pen. A k\u00e9pz\u00e9s sor\u00e1n mindent megtanultak, ami az ENSZ fegyvertelen katonai felder\u00edt\u0151i munk\u00e1j\u00e1hoz sz\u00fcks\u00e9ges.<br \/>&#8220;Hogyan \u00e9s mit jelentsen, milyen k\u00f6r\u00fclm\u00e9nyek k\u00f6z\u00f6tt mit figyeljen meg, egy\u00fcttm\u0171k\u00f6dni a katon\u00e1kkal, nemzetk\u00f6zi porondon, mindezt angolul, nem egyszer\u0171 feladat.&#8221; -mondta HUSZ\u00c1R R\u00d3BERT sz\u00e1zados.<br \/>A katon\u00e1k a k\u00e9pz\u00e9s elv\u00e9gz\u00e9s\u00e9t k\u00f6vet\u0151en nemzetk\u00f6zi porondon k\u00e9pzelik el p\u00e1lyafut\u00e1sukat.<br \/>&#8220;A vil\u00e1g sz\u00e1mos pontj\u00e1n vannak katonai megfigyel\u0151 beoszt\u00e1sok, Afrik\u00e1ban, a K\u00f6zel-keleten, valamelyik hasonsz\u0151r\u0171 beoszt\u00e1sba szeretn\u00e9k kijutni.&#8221; -folytatta a sz\u00e1zados.<br \/>Az elm\u00e9leti oktat\u00e1s \u00e9s gyakorlati k\u00e9pz\u00e9s a h\u00e9ten befejez\u0151dik. A sikeres teljes\u00edt\u00e9sr\u0151l sz\u00f3l\u00f3 elismer\u00e9st p\u00e9nteken kapj\u00e1k meg a hallgat\u00f3k.<br \/>\n<br \/>\n<div style=\"width: 640px;\" class=\"wp-video\"><!--[if lt IE 9]><script>document.createElement('video');<\/script><![endif]-->\n<video class=\"wp-video-shortcode\" id=\"video-9229-1\" width=\"640\" height=\"360\" preload=\"metadata\" controls=\"controls\"><source type=\"video\/mp4\" src=\"\/spots\/hir\/hir_180605_07.mp4?_=1\" \/><a href=\"\/spots\/hir\/hir_180605_07.mp4\">\/spots\/hir\/hir_180605_07.mp4<\/a><\/video><\/div><\/p>\n","protected":false},"excerpt":{"rendered":"<p>L\u00e9gi felder\u00edt\u00e9si gyakorlatra sietnek a katon\u00e1k. Az els\u0151 csoport. Alg\u00e9ri\u00e1b\u00f3l, Egyiptomb\u00f3l, Eti\u00f3pi\u00e1b\u00f3l, Indi\u00e1b\u00f3l, Kanad\u00e1b\u00f3l, K\u00edn\u00e1b\u00f3l \u00e9s Magyarorsz\u00e1gr\u00f3l is \u00e9rkeztek, \u00f6sszesen 27-en, hogy r\u00e9szt vegyenek a 35-ik Nemzetk\u00f6zi Katonai Megfigyel\u0151 Tanfolyamon. A 3 hetes k\u00e9pz\u00e9s r\u00e9szek\u00e9nt emelkedtek a leveg\u0151be. A gyakorlat sor\u00e1n alacsony magass\u00e1gb\u00f3l kellett a be\u00e1ll\u00edtott szitu\u00e1ci\u00f3kat megfigyelni\u00fck a katon\u00e1knak. \u00c1rv\u00edzhelyzet, t\u00fcntet\u0151k, ellens\u00e9ges csapatmozg\u00e1s \u00e9s [&hellip;]<\/p>\n","protected":false},"author":2,"featured_media":0,"comment_status":"closed","ping_status":"closed","sticky":false,"template":"","format":"standard","meta":[],"categories":[9],"tags":[],"_links":{"self":[{"href":"http:\/\/archiv.szolnoktv.hu\/index.php?rest_route=\/wp\/v2\/posts\/9229"}],"collection":[{"href":"http:\/\/archiv.szolnoktv.hu\/index.php?rest_route=\/wp\/v2\/posts"}],"about":[{"href":"http:\/\/archiv.szolnoktv.hu\/index.php?rest_route=\/wp\/v2\/types\/post"}],"author":[{"embeddable":true,"href":"http:\/\/archiv.szolnoktv.hu\/index.php?rest_route=\/wp\/v2\/users\/2"}],"replies":[{"embeddable":true,"href":"http:\/\/archiv.szolnoktv.hu\/index.php?rest_route=%2Fwp%2Fv2%2Fcomments&post=9229"}],"version-history":[{"count":1,"href":"http:\/\/archiv.szolnoktv.hu\/index.php?rest_route=\/wp\/v2\/posts\/9229\/revisions"}],"predecessor-version":[{"id":9346,"href":"http:\/\/archiv.szolnoktv.hu\/index.php?rest_route=\/wp\/v2\/posts\/9229\/revisions\/9346"}],"wp:attachment":[{"href":"http:\/\/archiv.szolnoktv.hu\/index.php?rest_route=%2Fwp%2Fv2%2Fmedia&parent=9229"}],"wp:term":[{"taxonomy":"category","embeddable":true,"href":"http:\/\/archiv.szolnoktv.hu\/index.php?rest_route=%2Fwp%2Fv2%2Fcategories&post=9229"},{"taxonomy":"post_tag","embeddable":true,"href":"http:\/\/archiv.szolnoktv.hu\/index.php?rest_route=%2Fwp%2Fv2%2Ftags&post=9229"}],"curies":[{"name":"wp","href":"https:\/\/api.w.org\/{rel}","templated":true}]}}